{"id":5575,"date":"2026-04-07T09:06:54","date_gmt":"2026-04-07T06:06:54","guid":{"rendered":"https:\/\/www.indesignmimarlik.com\/ahsap-fuar-standi-kurulumu\/"},"modified":"2026-04-07T09:06:55","modified_gmt":"2026-04-07T06:06:55","slug":"ahsap-fuar-standi-kurulumu","status":"publish","type":"post","link":"https:\/\/www.indesignmimarlik.com\/en\/ahsap-fuar-standi-kurulumu\/","title":{"rendered":"Ah\u015fap Fuar Stand\u0131 Kurulumu | Profesyonel Fuar Stand\u0131 \u00c7\u00f6z\u00fcmleri"},"content":{"rendered":"<p>Fuar kat\u0131l\u0131mc\u0131lar\u0131 i\u00e7in <strong>ah\u015fap fuar stand\u0131 kurulumu<\/strong>, markan\u0131n g\u00fcc\u00fcn\u00fc ve prestijini sergilemenin en etkili yollar\u0131ndan biridir. Do\u011fal ve s\u0131cak bir g\u00f6r\u00fcn\u00fcm sunan ah\u015fap, ziyaret\u00e7iler \u00fczerinde kal\u0131c\u0131 bir izlenim b\u0131rak\u0131r. Bu rehberde, ba\u015far\u0131l\u0131 bir <strong>ah\u015fap fuar stand\u0131 kurulumu<\/strong> i\u00e7in dikkat edilmesi gereken t\u00fcm detaylar\u0131 ele alaca\u011f\u0131z.<\/p>\n<h2>Fuar Stand\u0131 Se\u00e7erken Dikkat Edilmesi Gerekenler ile Ah\u015fap Fuar Stand\u0131 Kurulumu<\/h2>\n<p>Bir fuara kat\u0131l\u0131rken stand se\u00e7imi, marka bilinirli\u011fini art\u0131rmak ve potansiyel m\u00fc\u015fterilerle etkile\u015fim kurmak i\u00e7in kritik \u00f6neme sahiptir. Stand\u0131n konumu, boyutu ve genel g\u00f6r\u00fcn\u00fcm\u00fc, ziyaret\u00e7ilerin ilgisini \u00e7ekme potansiyelini do\u011frudan etkiler. \u00d6zellikle dikkat \u00e7ekici ve ak\u0131lda kal\u0131c\u0131 bir tasar\u0131m, fuar kalabal\u0131\u011f\u0131 i\u00e7inde markan\u0131z\u0131n \u00f6ne \u00e7\u0131kmas\u0131n\u0131 sa\u011flar. Stand\u0131n i\u015flevselli\u011fi de en az esteti\u011fi kadar \u00f6nemlidir; \u00fcr\u00fcnlerinizi sergilemek, toplant\u0131lar yapmak ve markan\u0131zla ilgili bilgileri payla\u015fmak i\u00e7in yeterli alana ve uygun bir d\u00fczene sahip olmal\u0131d\u0131r.<\/p>\n<h3>Fuar Stand\u0131 T\u00fcrleri ve Ah\u015fap Fuar Stand\u0131 Kurulumu<\/h3>\n<p>Fuar standlar\u0131 genel olarak mod\u00fcler ve \u00f6zel tasar\u0131ml\u0131 olarak iki ana kategoriye ayr\u0131l\u0131r. <strong>Mod\u00fcler fuar standlar\u0131<\/strong>, h\u0131zl\u0131 kurulumu ve farkl\u0131 fuarlarda tekrar kullan\u0131labilme \u00f6zelli\u011fi ile \u00f6ne \u00e7\u0131kar. Bu t\u00fcr standlar, standart par\u00e7alar\u0131n bir araya getirilmesiyle olu\u015fturulur ve genellikle daha ekonomik bir \u00e7\u00f6z\u00fcmd\u00fcr. \u00d6zel tasar\u0131ml\u0131 standlar ise markan\u0131n kimli\u011fine ve fuar hedeflerine tam uyum sa\u011flayacak \u015fekilde s\u0131f\u0131rdan tasarlan\u0131r. <strong>Ah\u015fap fuar standlar\u0131<\/strong>, bu \u00f6zel tasar\u0131m kategorisinin en pop\u00fcler \u00f6rneklerindendir. Ah\u015fab\u0131n sundu\u011fu estetik \u00e7e\u015fitlilik ve i\u015flenebilirlik sayesinde, markan\u0131z\u0131n hikayesini anlatan benzersiz yap\u0131lar in\u015fa edilebilir.<\/p>\n<p>Ah\u015fap standlar, \u00f6zellikle l\u00fcks t\u00fcketim \u00fcr\u00fcnleri, sanat galerileri veya do\u011fal \u00fcr\u00fcnler satan markalar i\u00e7in idealdir. Ah\u015fab\u0131n do\u011fal dokusu ve s\u0131cakl\u0131\u011f\u0131, ziyaret\u00e7ilere g\u00fcven veren bir atmosfer yarat\u0131r. Ayr\u0131ca, ah\u015fap malzeme \u00fczerine \u00e7e\u015fitli bask\u0131lar, grav\u00fcrler veya \u00f6zel kaplamalar uygulanarak markan\u0131n g\u00f6rsel kimli\u011fi g\u00fc\u00e7l\u00fc bir \u015fekilde yans\u0131t\u0131labilir. \u00d6zel tasar\u0131m stantlarda, <strong>fuar mimarl\u0131k<\/strong> prensipleri \u00f6n plana \u00e7\u0131karak mekan\u0131n en verimli \u015fekilde kullan\u0131lmas\u0131 hedeflenir.<\/p>\n<h2>Fiyatlar\u0131 Etkileyen Fakt\u00f6rler<\/h2>\n<p><strong>Fuar stand\u0131 fiyatlar\u0131<\/strong>, bir\u00e7ok de\u011fi\u015fkene ba\u011fl\u0131 olarak farkl\u0131l\u0131k g\u00f6sterir. Stand\u0131n metrekaresi, kullan\u0131lan malzeme t\u00fcr\u00fc (\u00f6rne\u011fin, <strong>ah\u015fap fuar stand\u0131<\/strong> genellikle mod\u00fcler sistemlere g\u00f6re daha y\u00fcksek maliyetli olabilir), tasar\u0131m\u0131n karma\u015f\u0131kl\u0131\u011f\u0131, ayd\u0131nlatma \u00e7\u00f6z\u00fcmleri, \u00f6zel donan\u0131mlar (ekranlar, ses sistemleri vb.) ve nakliye-kurulum hizmetleri genel maliyeti belirleyen ana unsurlard\u0131r. Ayr\u0131ca, <strong>fuar stand\u0131 kiralama<\/strong> se\u00e7enekleri de sat\u0131n alma opsiyonuna g\u00f6re farkl\u0131 fiyatland\u0131rmalara sahip olabilir. \u0130stanbul gibi b\u00fcy\u00fck metropollerdeki fuarlar i\u00e7in stand hizmeti almak, lojistik maliyetler nedeniyle de farkl\u0131l\u0131k g\u00f6sterebilir.<\/p>\n<h3>Neden Profesyonel Fuar Mimarl\u0131k Hizmeti Almal\u0131s\u0131n\u0131z?<\/h3>\n<p>Profesyonel bir <strong>fuar mimarl\u0131k<\/strong> ekibiyle \u00e7al\u0131\u015fmak, stand\u0131n\u0131z\u0131n sadece estetik a\u00e7\u0131dan de\u011fil, ayn\u0131 zamanda i\u015flevsel ve stratejik a\u00e7\u0131dan da en iyi \u015fekilde tasarlanmas\u0131n\u0131 sa\u011flar. Deneyimli mimarlar, markan\u0131z\u0131n hedeflerini anlayarak hedef kitlenize en uygun tasar\u0131m\u0131 olu\u015fturur. Stand alan\u0131n\u0131n en verimli \u015fekilde kullan\u0131lmas\u0131, ziyaret\u00e7i ak\u0131\u015f\u0131n\u0131n y\u00f6netilmesi ve marka mesaj\u0131n\u0131n do\u011fru iletilmesi gibi konularda profesyonel destek al\u0131rs\u0131n\u0131z. <strong>Fuar stand\u0131 tasar\u0131m\u0131<\/strong> s\u00fcrecinde, markan\u0131z\u0131n kimli\u011fini yans\u0131tan \u00f6zg\u00fcn ve dikkat \u00e7ekici \u00e7\u00f6z\u00fcmler sunulur. \u00d6zellikle karma\u015f\u0131k ve b\u00fcy\u00fck \u00f6l\u00e7ekli projelerde, <strong>fuar mimarl\u0131k<\/strong> uzmanl\u0131\u011f\u0131, projenin zaman\u0131nda ve b\u00fct\u00e7e dahilinde tamamlanmas\u0131n\u0131 garantiler.<\/p>\n<h3>\u0130lgili Yaz\u0131lar<\/h3>\n<ul>\n<li><a href=\"https:\/\/www.indesignmimarlik.com\/fuar-standi-tasariminda-butce-planlamasi-ve-maliyet-kontrolu-nasil-yapilir\/\">Fuar Stand\u0131 Tasar\u0131m\u0131nda B\u00fct\u00e7e Planlamas\u0131 ve Maliyet Kontrol\u00fc Nas\u0131l Yap\u0131l\u0131r?<\/a><\/li>\n<li><a href=\"https:\/\/www.indesignmimarlik.com\/fuar-standi-tasariminda-yapilan-hatalar-standin-bos-kalmasinin-en-buyuk-sebepleri-2026\/\">Fuar Stand\u0131 Tasar\u0131m\u0131nda Yap\u0131lan Hatalar: Stand\u0131n Bo\u015f Kalmas\u0131n\u0131n En B\u00fcy\u00fck Sebepleri (2026)<\/a><\/li>\n<li><a href=\"https:\/\/www.indesignmimarlik.com\/fuar-standi-tasarim-suresi-ne-kadar-surer-planlama-ve-uretim-takvimi-2026\/\">Fuar Stand\u0131 Tasar\u0131m S\u00fcresi Ne Kadar S\u00fcrer? (Planlama ve \u00dcretim Takvimi \u2013 2026)<\/a><\/li>\n<\/ul>\n<p>Profesyonel ekipler, g\u00fcncel trendleri ve teknolojik geli\u015fmeleri takip ederek stand\u0131n\u0131za yenilik\u00e7i \u00f6\u011feler katabilir. Ak\u0131ll\u0131 ayd\u0131nlatma sistemleri, interaktif ekranlar veya s\u00fcrd\u00fcr\u00fclebilir malzemeler gibi unsurlar, stand\u0131n\u0131z\u0131n daha \u00e7ekici ve ak\u0131lda kal\u0131c\u0131 olmas\u0131n\u0131 sa\u011flar. Ayr\u0131ca, <strong>fuar stand\u0131 firmalar\u0131<\/strong> ile \u00e7al\u0131\u015fmak, tasar\u0131m\u0131n yan\u0131 s\u0131ra \u00fcretim, nakliye, kurulum ve s\u00f6k\u00fcm gibi t\u00fcm s\u00fcre\u00e7lerin sorunsuz y\u00f6netilmesini de kapsar.<\/p>\n<h2>Sonu\u00e7<\/h2>\n<p>Ba\u015far\u0131l\u0131 bir fuar kat\u0131l\u0131m\u0131, etkili bir <strong>ah\u015fap fuar stand\u0131 kurulumu<\/strong> ile m\u00fcmk\u00fcnd\u00fcr. Do\u011fru tasar\u0131m, kaliteli malzeme se\u00e7imi ve profesyonel uygulama, markan\u0131z\u0131n fuarda parlamas\u0131n\u0131 sa\u011flayacakt\u0131r. Stand se\u00e7imi ve tasar\u0131m\u0131 konusunda profesyonel destek alarak, fuar hedeflerinize ula\u015fabilir ve yat\u0131r\u0131m\u0131n\u0131z\u0131n kar\u015f\u0131l\u0131\u011f\u0131n\u0131 en \u00fcst d\u00fczeyde alabilirsiniz. Markan\u0131z\u0131n g\u00fcc\u00fcn\u00fc ve de\u011ferini en iyi \u015fekilde yans\u0131tacak stand \u00e7\u00f6z\u00fcmleri i\u00e7in bizimle ileti\u015fime ge\u00e7in.<\/p>\n<p><strong>Fuar stand\u0131 kiralama<\/strong> veya \u00f6zel tasar\u0131m stand ihtiya\u00e7lar\u0131n\u0131z i\u00e7in uzman ekibimizle g\u00f6r\u00fc\u015ferek size \u00f6zel \u00e7\u00f6z\u00fcmler hakk\u0131nda bilgi alabilirsiniz. Markan\u0131z i\u00e7in en do\u011fru stand deneyimini yaratmak i\u00e7in buraday\u0131z.<\/p>\n<h3>ET\u0130KETLER<\/h3>\n<ul>\n<li>fuar stand\u0131<\/li>\n<li>fuar stand\u0131 tasar\u0131m\u0131<\/li>\n<li>fuar stand\u0131 fiyatlar\u0131<\/li>\n<li>fuar stand\u0131 kiralama<\/li>\n<li>ah\u015fap fuar stand\u0131<\/li>\n<li>mod\u00fcler fuar stand\u0131<\/li>\n<li>istanbul fuar stand\u0131<\/li>\n<li>fuar mimarl\u0131k<\/li>\n<li>fuar stand firmalar\u0131<\/li>\n<li>fuar stand \u00fcretimi<\/li>\n<li>t\u00fcyap fuar stand\u0131<\/li>\n<li>cnr expo fuar stand\u0131<\/li>\n<li>izmir fuar stand\u0131<\/li>\n<li>ankara fuar stand\u0131<\/li>\n<\/ul>\n","protected":false},"excerpt":{"rendered":"<p>Ba\u015far\u0131l\u0131 bir ah\u015fap fuar stand\u0131 kurulumu i\u00e7in rehber niteli\u011finde bilgiler. Malzeme se\u00e7imi, tasar\u0131m ve profesyonel hizmetler hakk\u0131nda detaylar. <\/p>\n","protected":false},"author":1,"featured_media":0,"comment_status":"closed","ping_status":"closed","sticky":false,"template":"","format":"standard","meta":{"footnotes":""},"categories":[1],"tags":[192,188,190,191,189],"class_list":["post-5575","post","type-post","status-publish","format-standard","hentry","category-genel","tag-ahsap-fuar-standi","tag-fuar-standi","tag-fuar-standi-fiyatlari","tag-fuar-standi-kiralama","tag-fuar-standi-tasarimi"],"yoast_head":"<!-- This site is optimized with the Yoast SEO plugin v27.3 - https:\/\/yoast.com\/product\/yoast-seo-wordpress\/ -->\n<title>Ah\u015fap Fuar Stand\u0131 Kurulumu | Profesyonel Fuar Stand\u0131 \u00c7\u00f6z\u00fcmleri - InDesign Architecture<\/title>\n<meta name=\"description\" content=\"Ba\u015far\u0131l\u0131 bir ah\u015fap fuar stand\u0131 kurulumu i\u00e7in rehber niteli\u011finde bilgiler. Malzeme se\u00e7imi, tasar\u0131m ve profesyonel hizmetler hakk\u0131nda detaylar.\" \/>\n<meta name=\"robots\" content=\"index, follow, max-snippet:-1, max-image-preview:large, max-video-preview:-1\" \/>\n<link rel=\"canonical\" href=\"https:\/\/www.indesignmimarlik.com\/ahsap-fuar-standi-kurulumu\/\" \/>\n<meta property=\"og:locale\" content=\"en_US\" \/>\n<meta property=\"og:type\" content=\"article\" \/>\n<meta property=\"og:title\" content=\"Ah\u015fap Fuar Stand\u0131 Kurulumu | Profesyonel Fuar Stand\u0131 \u00c7\u00f6z\u00fcmleri - [:tr]InDesign Mimarl\u0131k[:en]InDesign Architecture[:]\" \/>\n<meta property=\"og:description\" content=\"Ba\u015far\u0131l\u0131 bir ah\u015fap fuar stand\u0131 kurulumu i\u00e7in rehber niteli\u011finde bilgiler. Malzeme se\u00e7imi, tasar\u0131m ve profesyonel hizmetler hakk\u0131nda detaylar.\" \/>\n<meta property=\"og:url\" content=\"https:\/\/www.indesignmimarlik.com\/ahsap-fuar-standi-kurulumu\/\" \/>\n<meta property=\"og:site_name\" content=\"[:tr]InDesign Mimarl\u0131k[:en]InDesign Architecture[:]\" \/>\n<meta property=\"article:publisher\" content=\"https:\/\/www.facebook.com\/INDESIGNMIMARLIK\/\" \/>\n<meta property=\"article:published_time\" content=\"2026-04-07T06:06:54+00:00\" \/>\n<meta property=\"article:modified_time\" content=\"2026-04-07T06:06:55+00:00\" \/>\n<meta property=\"og:image\" content=\"https:\/\/www.indesignmimarlik.com\/wp-content\/uploads\/2026\/04\/indesign-mimarlik-og-image.jpg\" \/>\n\t<meta property=\"og:image:width\" content=\"1280\" \/>\n\t<meta property=\"og:image:height\" content=\"720\" \/>\n\t<meta property=\"og:image:type\" content=\"image\/jpeg\" \/>\n<meta name=\"author\" content=\"admin\" \/>\n<meta name=\"twitter:card\" content=\"summary_large_image\" \/>\n<meta name=\"twitter:label1\" content=\"Written by\" \/>\n\t<meta name=\"twitter:data1\" content=\"admin\" \/>\n\t<meta name=\"twitter:label2\" content=\"Est. reading time\" \/>\n\t<meta name=\"twitter:data2\" content=\"5 minutes\" \/>\n<script type=\"application\/ld+json\" class=\"yoast-schema-graph\">{\"@context\":\"https:\\\/\\\/schema.org\",\"@graph\":[{\"@type\":\"Article\",\"@id\":\"https:\\\/\\\/www.indesignmimarlik.com\\\/ahsap-fuar-standi-kurulumu\\\/#article\",\"isPartOf\":{\"@id\":\"https:\\\/\\\/www.indesignmimarlik.com\\\/ahsap-fuar-standi-kurulumu\\\/\"},\"author\":{\"name\":\"admin\",\"@id\":\"https:\\\/\\\/www.indesignmimarlik.com\\\/#\\\/schema\\\/person\\\/51561a858ae73ac56b7545d8e81c0ab1\"},\"headline\":\"Ah\u015fap Fuar Stand\u0131 Kurulumu | Profesyonel Fuar Stand\u0131 \u00c7\u00f6z\u00fcmleri\",\"datePublished\":\"2026-04-07T06:06:54+00:00\",\"dateModified\":\"2026-04-07T06:06:55+00:00\",\"mainEntityOfPage\":{\"@id\":\"https:\\\/\\\/www.indesignmimarlik.com\\\/ahsap-fuar-standi-kurulumu\\\/\"},\"wordCount\":972,\"publisher\":{\"@id\":\"https:\\\/\\\/www.indesignmimarlik.com\\\/#organization\"},\"keywords\":[\"ah\u015fap fuar stand\u0131\",\"fuar stand\u0131\",\"fuar stand\u0131 fiyatlar\u0131\",\"fuar stand\u0131 kiralama\",\"fuar stand\u0131 tasar\u0131m\u0131\"],\"articleSection\":[\"Genel\"],\"inLanguage\":\"en-US\"},{\"@type\":\"WebPage\",\"@id\":\"https:\\\/\\\/www.indesignmimarlik.com\\\/ahsap-fuar-standi-kurulumu\\\/\",\"url\":\"https:\\\/\\\/www.indesignmimarlik.com\\\/ahsap-fuar-standi-kurulumu\\\/\",\"name\":\"Ah\u015fap Fuar Stand\u0131 Kurulumu | Profesyonel Fuar Stand\u0131 \u00c7\u00f6z\u00fcmleri - [:tr]InDesign Mimarl\u0131k[:en]InDesign Architecture[:]\",\"isPartOf\":{\"@id\":\"https:\\\/\\\/www.indesignmimarlik.com\\\/#website\"},\"datePublished\":\"2026-04-07T06:06:54+00:00\",\"dateModified\":\"2026-04-07T06:06:55+00:00\",\"description\":\"Ba\u015far\u0131l\u0131 bir ah\u015fap fuar stand\u0131 kurulumu i\u00e7in rehber niteli\u011finde bilgiler. Malzeme se\u00e7imi, tasar\u0131m ve profesyonel hizmetler hakk\u0131nda detaylar.\",\"breadcrumb\":{\"@id\":\"https:\\\/\\\/www.indesignmimarlik.com\\\/ahsap-fuar-standi-kurulumu\\\/#breadcrumb\"},\"inLanguage\":\"en-US\",\"potentialAction\":[{\"@type\":\"ReadAction\",\"target\":[\"https:\\\/\\\/www.indesignmimarlik.com\\\/ahsap-fuar-standi-kurulumu\\\/\"]}]},{\"@type\":\"BreadcrumbList\",\"@id\":\"https:\\\/\\\/www.indesignmimarlik.com\\\/ahsap-fuar-standi-kurulumu\\\/#breadcrumb\",\"itemListElement\":[{\"@type\":\"ListItem\",\"position\":1,\"name\":\"Anasayfa\",\"item\":\"https:\\\/\\\/www.indesignmimarlik.com\\\/\"},{\"@type\":\"ListItem\",\"position\":2,\"name\":\"Ah\u015fap Fuar Stand\u0131 Kurulumu | Profesyonel Fuar Stand\u0131 \u00c7\u00f6z\u00fcmleri\"}]},{\"@type\":\"WebSite\",\"@id\":\"https:\\\/\\\/www.indesignmimarlik.com\\\/#website\",\"url\":\"https:\\\/\\\/www.indesignmimarlik.com\\\/\",\"name\":\"InDesign Mimarl\u0131k\",\"description\":\"Fuar Stand firmalar\u0131 | Fuar Stand fiyatlar\u0131 |  Fuar Stand\u0131 Yapan firmalar istanbul | Fuar Stand Tasar\u0131mlar\u0131 | Fuar Stand\u0131 kiralama | Mod\u00fcler Fuar stand\u0131 | Stand \u00fcretimi yapan firmalar\",\"publisher\":{\"@id\":\"https:\\\/\\\/www.indesignmimarlik.com\\\/#organization\"},\"potentialAction\":[{\"@type\":\"SearchAction\",\"target\":{\"@type\":\"EntryPoint\",\"urlTemplate\":\"https:\\\/\\\/www.indesignmimarlik.com\\\/?s={search_term_string}\"},\"query-input\":{\"@type\":\"PropertyValueSpecification\",\"valueRequired\":true,\"valueName\":\"search_term_string\"}}],\"inLanguage\":\"en-US\"},{\"@type\":\"Organization\",\"@id\":\"https:\\\/\\\/www.indesignmimarlik.com\\\/#organization\",\"name\":\"InDesign Mimarl\u0131k\",\"url\":\"https:\\\/\\\/www.indesignmimarlik.com\\\/\",\"logo\":{\"@type\":\"ImageObject\",\"inLanguage\":\"en-US\",\"@id\":\"https:\\\/\\\/www.indesignmimarlik.com\\\/#\\\/schema\\\/logo\\\/image\\\/\",\"url\":\"https:\\\/\\\/www.indesignmimarlik.com\\\/wp-content\\\/uploads\\\/2020\\\/06\\\/indesign-mimarlik-logo221120112-SON.png\",\"contentUrl\":\"https:\\\/\\\/www.indesignmimarlik.com\\\/wp-content\\\/uploads\\\/2020\\\/06\\\/indesign-mimarlik-logo221120112-SON.png\",\"width\":300,\"height\":91,\"caption\":\"InDesign Mimarl\u0131k\"},\"image\":{\"@id\":\"https:\\\/\\\/www.indesignmimarlik.com\\\/#\\\/schema\\\/logo\\\/image\\\/\"},\"sameAs\":[\"https:\\\/\\\/www.facebook.com\\\/INDESIGNMIMARLIK\\\/\"]},{\"@type\":\"Person\",\"@id\":\"https:\\\/\\\/www.indesignmimarlik.com\\\/#\\\/schema\\\/person\\\/51561a858ae73ac56b7545d8e81c0ab1\",\"name\":\"admin\",\"image\":{\"@type\":\"ImageObject\",\"inLanguage\":\"en-US\",\"@id\":\"https:\\\/\\\/secure.gravatar.com\\\/avatar\\\/edfc38b7686be42955dc183a47d17d1ed95653d8f39336c679260b941f8809b8?s=96&d=mm&r=g\",\"url\":\"https:\\\/\\\/secure.gravatar.com\\\/avatar\\\/edfc38b7686be42955dc183a47d17d1ed95653d8f39336c679260b941f8809b8?s=96&d=mm&r=g\",\"contentUrl\":\"https:\\\/\\\/secure.gravatar.com\\\/avatar\\\/edfc38b7686be42955dc183a47d17d1ed95653d8f39336c679260b941f8809b8?s=96&d=mm&r=g\",\"caption\":\"admin\"},\"url\":\"https:\\\/\\\/www.indesignmimarlik.com\\\/en\\\/author\\\/adapod\\\/\"}]}<\/script>\n<!-- \/ Yoast SEO plugin. -->","yoast_head_json":{"title":"Ah\u015fap Fuar Stand\u0131 Kurulumu | Profesyonel Fuar Stand\u0131 \u00c7\u00f6z\u00fcmleri - [:tr]InDesign Mimarl\u0131k[:en]InDesign Architecture[:]","description":"Ba\u015far\u0131l\u0131 bir ah\u015fap fuar stand\u0131 kurulumu i\u00e7in rehber niteli\u011finde bilgiler. Malzeme se\u00e7imi, tasar\u0131m ve profesyonel hizmetler hakk\u0131nda detaylar.","robots":{"index":"index","follow":"follow","max-snippet":"max-snippet:-1","max-image-preview":"max-image-preview:large","max-video-preview":"max-video-preview:-1"},"canonical":"https:\/\/www.indesignmimarlik.com\/ahsap-fuar-standi-kurulumu\/","og_locale":"en_US","og_type":"article","og_title":"Ah\u015fap Fuar Stand\u0131 Kurulumu | Profesyonel Fuar Stand\u0131 \u00c7\u00f6z\u00fcmleri - [:tr]InDesign Mimarl\u0131k[:en]InDesign Architecture[:]","og_description":"Ba\u015far\u0131l\u0131 bir ah\u015fap fuar stand\u0131 kurulumu i\u00e7in rehber niteli\u011finde bilgiler. Malzeme se\u00e7imi, tasar\u0131m ve profesyonel hizmetler hakk\u0131nda detaylar.","og_url":"https:\/\/www.indesignmimarlik.com\/ahsap-fuar-standi-kurulumu\/","og_site_name":"[:tr]InDesign Mimarl\u0131k[:en]InDesign Architecture[:]","article_publisher":"https:\/\/www.facebook.com\/INDESIGNMIMARLIK\/","article_published_time":"2026-04-07T06:06:54+00:00","article_modified_time":"2026-04-07T06:06:55+00:00","og_image":[{"width":1280,"height":720,"url":"https:\/\/www.indesignmimarlik.com\/wp-content\/uploads\/2026\/04\/indesign-mimarlik-og-image.jpg","type":"image\/jpeg"}],"author":"admin","twitter_card":"summary_large_image","twitter_misc":{"Written by":"admin","Est. reading time":"5 minutes"},"schema":{"@context":"https:\/\/schema.org","@graph":[{"@type":"Article","@id":"https:\/\/www.indesignmimarlik.com\/ahsap-fuar-standi-kurulumu\/#article","isPartOf":{"@id":"https:\/\/www.indesignmimarlik.com\/ahsap-fuar-standi-kurulumu\/"},"author":{"name":"admin","@id":"https:\/\/www.indesignmimarlik.com\/#\/schema\/person\/51561a858ae73ac56b7545d8e81c0ab1"},"headline":"Ah\u015fap Fuar Stand\u0131 Kurulumu | Profesyonel Fuar Stand\u0131 \u00c7\u00f6z\u00fcmleri","datePublished":"2026-04-07T06:06:54+00:00","dateModified":"2026-04-07T06:06:55+00:00","mainEntityOfPage":{"@id":"https:\/\/www.indesignmimarlik.com\/ahsap-fuar-standi-kurulumu\/"},"wordCount":972,"publisher":{"@id":"https:\/\/www.indesignmimarlik.com\/#organization"},"keywords":["ah\u015fap fuar stand\u0131","fuar stand\u0131","fuar stand\u0131 fiyatlar\u0131","fuar stand\u0131 kiralama","fuar stand\u0131 tasar\u0131m\u0131"],"articleSection":["Genel"],"inLanguage":"en-US"},{"@type":"WebPage","@id":"https:\/\/www.indesignmimarlik.com\/ahsap-fuar-standi-kurulumu\/","url":"https:\/\/www.indesignmimarlik.com\/ahsap-fuar-standi-kurulumu\/","name":"Ah\u015fap Fuar Stand\u0131 Kurulumu | Profesyonel Fuar Stand\u0131 \u00c7\u00f6z\u00fcmleri - [:tr]InDesign Mimarl\u0131k[:en]InDesign Architecture[:]","isPartOf":{"@id":"https:\/\/www.indesignmimarlik.com\/#website"},"datePublished":"2026-04-07T06:06:54+00:00","dateModified":"2026-04-07T06:06:55+00:00","description":"Ba\u015far\u0131l\u0131 bir ah\u015fap fuar stand\u0131 kurulumu i\u00e7in rehber niteli\u011finde bilgiler. Malzeme se\u00e7imi, tasar\u0131m ve profesyonel hizmetler hakk\u0131nda detaylar.","breadcrumb":{"@id":"https:\/\/www.indesignmimarlik.com\/ahsap-fuar-standi-kurulumu\/#breadcrumb"},"inLanguage":"en-US","potentialAction":[{"@type":"ReadAction","target":["https:\/\/www.indesignmimarlik.com\/ahsap-fuar-standi-kurulumu\/"]}]},{"@type":"BreadcrumbList","@id":"https:\/\/www.indesignmimarlik.com\/ahsap-fuar-standi-kurulumu\/#breadcrumb","itemListElement":[{"@type":"ListItem","position":1,"name":"Anasayfa","item":"https:\/\/www.indesignmimarlik.com\/"},{"@type":"ListItem","position":2,"name":"Ah\u015fap Fuar Stand\u0131 Kurulumu | Profesyonel Fuar Stand\u0131 \u00c7\u00f6z\u00fcmleri"}]},{"@type":"WebSite","@id":"https:\/\/www.indesignmimarlik.com\/#website","url":"https:\/\/www.indesignmimarlik.com\/","name":"InDesign Mimarl\u0131k","description":"Fuar Stand firmalar\u0131 | Fuar Stand fiyatlar\u0131 |  Fuar Stand\u0131 Yapan firmalar istanbul | Fuar Stand Tasar\u0131mlar\u0131 | Fuar Stand\u0131 kiralama | Mod\u00fcler Fuar stand\u0131 | Stand \u00fcretimi yapan firmalar","publisher":{"@id":"https:\/\/www.indesignmimarlik.com\/#organization"},"potentialAction":[{"@type":"SearchAction","target":{"@type":"EntryPoint","urlTemplate":"https:\/\/www.indesignmimarlik.com\/?s={search_term_string}"},"query-input":{"@type":"PropertyValueSpecification","valueRequired":true,"valueName":"search_term_string"}}],"inLanguage":"en-US"},{"@type":"Organization","@id":"https:\/\/www.indesignmimarlik.com\/#organization","name":"InDesign Mimarl\u0131k","url":"https:\/\/www.indesignmimarlik.com\/","logo":{"@type":"ImageObject","inLanguage":"en-US","@id":"https:\/\/www.indesignmimarlik.com\/#\/schema\/logo\/image\/","url":"https:\/\/www.indesignmimarlik.com\/wp-content\/uploads\/2020\/06\/indesign-mimarlik-logo221120112-SON.png","contentUrl":"https:\/\/www.indesignmimarlik.com\/wp-content\/uploads\/2020\/06\/indesign-mimarlik-logo221120112-SON.png","width":300,"height":91,"caption":"InDesign Mimarl\u0131k"},"image":{"@id":"https:\/\/www.indesignmimarlik.com\/#\/schema\/logo\/image\/"},"sameAs":["https:\/\/www.facebook.com\/INDESIGNMIMARLIK\/"]},{"@type":"Person","@id":"https:\/\/www.indesignmimarlik.com\/#\/schema\/person\/51561a858ae73ac56b7545d8e81c0ab1","name":"admin","image":{"@type":"ImageObject","inLanguage":"en-US","@id":"https:\/\/secure.gravatar.com\/avatar\/edfc38b7686be42955dc183a47d17d1ed95653d8f39336c679260b941f8809b8?s=96&d=mm&r=g","url":"https:\/\/secure.gravatar.com\/avatar\/edfc38b7686be42955dc183a47d17d1ed95653d8f39336c679260b941f8809b8?s=96&d=mm&r=g","contentUrl":"https:\/\/secure.gravatar.com\/avatar\/edfc38b7686be42955dc183a47d17d1ed95653d8f39336c679260b941f8809b8?s=96&d=mm&r=g","caption":"admin"},"url":"https:\/\/www.indesignmimarlik.com\/en\/author\/adapod\/"}]}},"_links":{"self":[{"href":"https:\/\/www.indesignmimarlik.com\/en\/wp-json\/wp\/v2\/posts\/5575","targetHints":{"allow":["GET"]}}],"collection":[{"href":"https:\/\/www.indesignmimarlik.com\/en\/wp-json\/wp\/v2\/posts"}],"about":[{"href":"https:\/\/www.indesignmimarlik.com\/en\/wp-json\/wp\/v2\/types\/post"}],"author":[{"embeddable":true,"href":"https:\/\/www.indesignmimarlik.com\/en\/wp-json\/wp\/v2\/users\/1"}],"replies":[{"embeddable":true,"href":"https:\/\/www.indesignmimarlik.com\/en\/wp-json\/wp\/v2\/comments?post=5575"}],"version-history":[{"count":1,"href":"https:\/\/www.indesignmimarlik.com\/en\/wp-json\/wp\/v2\/posts\/5575\/revisions"}],"predecessor-version":[{"id":5576,"href":"https:\/\/www.indesignmimarlik.com\/en\/wp-json\/wp\/v2\/posts\/5575\/revisions\/5576"}],"wp:attachment":[{"href":"https:\/\/www.indesignmimarlik.com\/en\/wp-json\/wp\/v2\/media?parent=5575"}],"wp:term":[{"taxonomy":"category","embeddable":true,"href":"https:\/\/www.indesignmimarlik.com\/en\/wp-json\/wp\/v2\/categories?post=5575"},{"taxonomy":"post_tag","embeddable":true,"href":"https:\/\/www.indesignmimarlik.com\/en\/wp-json\/wp\/v2\/tags?post=5575"}],"curies":[{"name":"wp","href":"https:\/\/api.w.org\/{rel}","templated":true}]}}