{"id":5577,"date":"2026-04-07T09:07:14","date_gmt":"2026-04-07T06:07:14","guid":{"rendered":"https:\/\/www.indesignmimarlik.com\/fuar-standi-kiralama-fiyatlari-rehberi\/"},"modified":"2026-04-07T09:07:14","modified_gmt":"2026-04-07T06:07:14","slug":"fuar-standi-kiralama-fiyatlari-rehberi","status":"publish","type":"post","link":"https:\/\/www.indesignmimarlik.com\/en\/fuar-standi-kiralama-fiyatlari-rehberi\/","title":{"rendered":"Fuar Stand\u0131 Kiralama Fiyatlar\u0131 | Profesyonel Fuar Stand\u0131 \u00c7\u00f6z\u00fcmleri"},"content":{"rendered":"<p>Etkili bir <strong>fuar stand\u0131 kiralama<\/strong> s\u00fcreci, markan\u0131z\u0131n g\u00f6r\u00fcn\u00fcrl\u00fc\u011f\u00fcn\u00fc art\u0131rmak ve hedef kitlenizle do\u011frudan etkile\u015fim kurmak i\u00e7in hayati \u00f6nem ta\u015f\u0131r. Fuar kat\u0131l\u0131mc\u0131lar\u0131 i\u00e7in <em>stand kiralama<\/em>, hem maliyet etkin bir \u00e7\u00f6z\u00fcm sunar hem de profesyonel bir alan yaratma imkan\u0131 tan\u0131r. Bu kapsaml\u0131 rehberde, fuar stand\u0131 kiralama fiyatlar\u0131 ba\u015fta olmak \u00fczere, dikkat edilmesi gereken t\u00fcm detaylar\u0131 ele alaca\u011f\u0131z. Do\u011fru <strong>fuar stand\u0131<\/strong> se\u00e7imi, fuar ba\u015far\u0131n\u0131z\u0131n temelini olu\u015fturur.<\/p>\n<h2>Fuar Stand\u0131 Kiralama S\u00fcrecinde Dikkat Edilmesi Gerekenler<\/h2>\n<p>Bir fuara kat\u0131l\u0131rken stand kiralamak, markan\u0131z\u0131n vitrini gibidir. Bu vitrinin ne kadar dikkat \u00e7ekici ve i\u015flevsel olaca\u011f\u0131, do\u011frudan ziyaret\u00e7i say\u0131n\u0131z\u0131 ve potansiyel m\u00fc\u015fteri kazan\u0131m\u0131n\u0131z\u0131 etkiler. Bu nedenle, <em>fuar stand\u0131 kiralama<\/em> s\u00fcrecinde titiz davranmak gerekir. \u00d6ncelikle, fuar\u0131n amac\u0131na ve hedef kitlenize uygun bir stand tipi belirlemelisiniz. \u00d6rne\u011fin, daha samimi bir atmosfer yaratmak istiyorsan\u0131z <strong>ah\u015fap fuar stand\u0131<\/strong> se\u00e7eneklerini de\u011ferlendirebilirsiniz. Mod\u00fcler standlar ise esneklik ve h\u0131zl\u0131 kurulum avantaj\u0131 sunar.<\/p>\n<p>Stand\u0131n yerle\u015fimi de b\u00fcy\u00fck \u00f6nem ta\u015f\u0131r. Fuar alan\u0131ndaki yo\u011funlu\u011fun y\u00fcksek oldu\u011fu, ana koridorlara yak\u0131n veya dikkat \u00e7ekici noktalarda bulunan standlar, daha fazla ziyaret\u00e7i \u00e7eker. Bu nedenle, fuar organizat\u00f6rlerinden veya <strong>fuar mimarl\u0131k<\/strong> firmalar\u0131ndan stand yerle\u015fimi konusunda destek almak faydal\u0131 olacakt\u0131r. Ayr\u0131ca, stand\u0131n\u0131z\u0131n boyutlar\u0131, b\u00fct\u00e7eniz ve sergileyece\u011finiz \u00fcr\u00fcn veya hizmetlerin niteli\u011fi ile orant\u0131l\u0131 olmal\u0131d\u0131r. K\u00fc\u00e7\u00fck bir alanda kalabal\u0131k bir sunum, ziyaret\u00e7ileri bunaltabilirken, b\u00fcy\u00fck bir alanda bombo\u015f bir stand da etkisiz kal\u0131r.<\/p>\n<h2>Fuar Stand\u0131 T\u00fcrleri ve \u00d6zellikleri<\/h2>\n<p>Fuar d\u00fcnyas\u0131nda farkl\u0131 ihtiya\u00e7lara ve b\u00fct\u00e7elere hitap eden \u00e7e\u015fitli <em>fuar stand\u0131<\/em> t\u00fcrleri bulunmaktad\u0131r. Bunlardan en pop\u00fclerleri \u015funlard\u0131r:<\/p>\n<ul>\n<li><strong>Ah\u015fap Fuar Stand\u0131:<\/strong> Estetik a\u00e7\u0131dan zengin, \u00f6zel tasar\u0131mlara imkan tan\u0131yan ve markan\u0131za \u00f6zg\u00fc bir karakter kazand\u0131ran bir se\u00e7enektir. Genellikle daha kurumsal ve prestijli bir imaj \u00e7izmek isteyen firmalar taraf\u0131ndan tercih edilir. <em>Ah\u015fap fuar stand\u0131<\/em> uygulamalar\u0131, s\u0131cak ve davetkar bir atmosfer olu\u015fturabilir.<\/li>\n<li><strong>Mod\u00fcler Fuar Stand\u0131:<\/strong> H\u0131zl\u0131 kurulum ve s\u00f6k\u00fcm imkan\u0131 sunan, tekrar kullan\u0131labilir yap\u0131 elemanlar\u0131ndan olu\u015fur. Esnek yap\u0131s\u0131 sayesinde farkl\u0131 fuar alanlar\u0131na ve metrekarelere kolayca uyum sa\u011flayabilir. Maliyet a\u00e7\u0131s\u0131ndan da genellikle daha avantajl\u0131d\u0131r.<\/li>\n<li><strong>Kare Fuar Stand\u0131:<\/strong> D\u00f6rt taraf\u0131 a\u00e7\u0131k, genellikle fuar alan\u0131n\u0131n merkezinde yer alan ve her y\u00f6nden g\u00f6r\u00fcn\u00fcrl\u00fck sa\u011flayan stand tipidir. Yo\u011fun ziyaret\u00e7i trafi\u011fi olan fuarlarda etkilidir.<\/li>\n<li><strong>A\u00e7\u0131k Alan Fuar Stand\u0131:<\/strong> Kapal\u0131 alan fuarlar\u0131n\u0131n d\u0131\u015f\u0131nda, genellikle a\u00e7\u0131k hava etkinlikleri veya festivallerde kurulan standlard\u0131r. Daha esnek tasar\u0131m imkanlar\u0131 sunabilir.<\/li>\n<\/ul>\n<p>Her bir stand t\u00fcr\u00fcn\u00fcn kendine \u00f6zg\u00fc avantajlar\u0131 ve dezavantajlar\u0131 vard\u0131r. Se\u00e7im yaparken, markan\u0131z\u0131n kimli\u011fi, hedef kitleniz ve fuar\u0131n genel konsepti g\u00f6z \u00f6n\u00fcnde bulundurulmal\u0131d\u0131r. \u00d6zellikle <strong>fuar stand\u0131 tasar\u0131m\u0131<\/strong> konusunda uzman bir firmadan destek almak, do\u011fru stand\u0131 se\u00e7menize yard\u0131mc\u0131 olacakt\u0131r.<\/p>\n<h2>Fuar Stand\u0131 Kiralama Fiyatlar\u0131 Nelerden Etkilenir?<\/h2>\n<p><em>Fuar stand\u0131 kiralama fiyatlar\u0131<\/em>, bir\u00e7ok farkl\u0131 fakt\u00f6re ba\u011fl\u0131 olarak de\u011fi\u015fiklik g\u00f6sterir. Bu fiyatlar\u0131 belirleyen ana unsurlar\u0131 anlamak, b\u00fct\u00e7e planlamas\u0131 yaparken size yol g\u00f6sterecektir:<\/p>\n<ul>\n<li><strong>Stand\u0131n Boyutu (Metrekare):<\/strong> En belirleyici fakt\u00f6rlerden biridir. Metrekare artt\u0131k\u00e7a, malzeme maliyeti, \u00fcretim s\u00fcresi ve i\u015f\u00e7ilik de artar.<\/li>\n<li><strong>Tasar\u0131m Karma\u015f\u0131kl\u0131\u011f\u0131 ve Malzeme Se\u00e7imi:<\/strong> \u00d6zel tasar\u0131m, hareketli par\u00e7alar, ileri teknoloji entegrasyonlar\u0131 veya premium malzemeler (\u00f6rne\u011fin, \u00f6zel ah\u015fap kaplamalar, cam detaylar) fiyat\u0131 y\u00fckseltir.<\/li>\n<li><strong>Kullan\u0131lan Teknolojiler:<\/strong> LED ekranlar, interaktif kios klar, \u00f6zel ayd\u0131nlatma \u00e7\u00f6z\u00fcmleri gibi teknolojik unsurlar maliyete eklenir.<\/li>\n<li><strong>Ek Hizmetler:<\/strong> Elektrik, su, internet ba\u011flant\u0131s\u0131, hostes hizmetleri, catering gibi ek talepler de toplam maliyeti etkiler.<\/li>\n<li><strong>Fuar\u0131n Konumu ve S\u00fcresi:<\/strong> Farkl\u0131 \u015fehirlerdeki (\u00f6rne\u011fin, <strong>\u0130stanbul fuar stand\u0131<\/strong> kiralama maliyetleri di\u011fer \u015fehirlere g\u00f6re farkl\u0131l\u0131k g\u00f6sterebilir) veya uluslararas\u0131 fuarlardaki maliyetler, lojistik ve organizasyonel giderler nedeniyle de\u011fi\u015febilir. Fuar\u0131n s\u00fcresi de do\u011frudan maliyeti etkiler.<\/li>\n<li><strong>Firma Se\u00e7imi:<\/strong> Tecr\u00fcbeli ve kaliteli hizmet sunan <em>fuar stand firmalar\u0131<\/em> ile \u00e7al\u0131\u015fmak, ba\u015flang\u0131\u00e7ta daha y\u00fcksek bir maliyet gibi g\u00f6r\u00fcnse de, uzun vadede marka imaj\u0131n\u0131z ve fuar ba\u015far\u0131n\u0131z i\u00e7in daha karl\u0131 olabilir.<\/li>\n<\/ul>\n<p>Do\u011fru bir b\u00fct\u00e7e olu\u015fturmak i\u00e7in birden fazla firmadan teklif almal\u0131 ve tekliflerdeki kalemleri detayl\u0131ca incelemelisiniz. <strong>Fuar stand\u0131 fiyatlar\u0131<\/strong> konusunda \u015feffaf bir firma ile \u00e7al\u0131\u015fmak, s\u00fcrpriz maliyetlerden ka\u00e7\u0131nman\u0131z\u0131 sa\u011flar.<\/p>\n<h2>Neden Profesyonel Fuar Mimarl\u0131k Hizmeti Almal\u0131s\u0131n\u0131z?<\/h2>\n<p>Fuar stand\u0131 sadece bir alan kiralamak de\u011fil, ayn\u0131 zamanda markan\u0131z\u0131n fiziksel bir temsilidir. Bu temsilin etkili olmas\u0131 i\u00e7in profesyonel bir bak\u0131\u015f a\u00e7\u0131s\u0131 \u015fartt\u0131r. \u0130\u015fte bu noktada <em>fuar mimarl\u0131k<\/em> hizmetleri devreye girer:<\/p>\n<h3>\u0130lgili Yaz\u0131lar<\/h3>\n<ul>\n<li><a href=\"https:\/\/www.indesignmimarlik.com\/fuar-standi-kiralama-cozumleri\/\">Fuar Stand\u0131 Kiralama F\u0131rsatlar\u0131 | Profesyonel Fuar Stand\u0131 \u00c7\u00f6z\u00fcmleri<\/a><\/li>\n<li><a href=\"https:\/\/www.indesignmimarlik.com\/fuar-standi-tasariminda-ziyaretci-akisi-nasil-planlanir-daha-fazla-musteri-icin-profesyonel-rehber\/\">Fuar Stand\u0131 Tasar\u0131m\u0131nda Ziyaret\u00e7i Ak\u0131\u015f\u0131 Nas\u0131l Planlan\u0131r? Daha Fazla M\u00fc\u015fteri \u0130\u00e7in Profesyonel Rehber<\/a><\/li>\n<li><a href=\"https:\/\/www.indesignmimarlik.com\/fuar-mimarisinde-gelecegin-cizgileri-indesign-mimarlik-ile-marka-deneyimi\/\">Fuar Mimarisinde Gelece\u011fin \u00c7izgileri: InDesign Mimarl\u0131k ile Marka Deneyimi<\/a><\/li>\n<\/ul>\n<ul>\n<li><strong>Marka Kimli\u011fine Uygun Tasar\u0131m:<\/strong> Profesyonel mimarlar, markan\u0131z\u0131n de\u011ferlerini, vizyonunu ve hedef kitlesini anlayarak, bu do\u011frultuda \u00f6zg\u00fcn ve ak\u0131lda kal\u0131c\u0131 tasar\u0131mlar olu\u015fturur.<\/li>\n<li><strong>Fonksiyonellik ve Kullan\u0131\u015fl\u0131l\u0131k:<\/strong> Stand\u0131n sadece estetik de\u011fil, ayn\u0131 zamanda i\u015flevsel olmas\u0131 da \u00f6nemlidir. Ziyaret\u00e7ilerin rahat\u00e7a dola\u015fabilece\u011fi, \u00fcr\u00fcnlerin sergilenebilece\u011fi ve personelinizin etkili \u00e7al\u0131\u015fabilece\u011fi alanlar planlan\u0131r.<\/li>\n<li><strong>Teknik Bilgi ve Deneyim:<\/strong> Fuar alanlar\u0131n\u0131n teknik gereklilikleri, g\u00fcvenlik standartlar\u0131 ve malzeme bilgisi konusunda uzmanla\u015fm\u0131\u015f mimarlar, olas\u0131 sorunlar\u0131 \u00f6ng\u00f6rerek proaktif \u00e7\u00f6z\u00fcmler sunar.<\/li>\n<li><strong>Maliyet Optimizasyonu:<\/strong> Do\u011fru malzeme se\u00e7imi ve ak\u0131ll\u0131 tasar\u0131m stratejileri ile gereksiz maliyetlerden ka\u00e7\u0131n\u0131l\u0131r. \u00d6rne\u011fin, <strong>mod\u00fcler fuar stand\u0131<\/strong> \u00e7\u00f6z\u00fcmlerinin avantajlar\u0131 do\u011fru kullan\u0131larak b\u00fct\u00e7e verimlili\u011fi sa\u011flanabilir.<\/li>\n<li><strong>Rekabet Avantaj\u0131:<\/strong> Rakiplerinizden s\u0131yr\u0131lman\u0131z\u0131 sa\u011flayacak, yenilik\u00e7i ve dikkat \u00e7ekici tasar\u0131mlar, fuardaki g\u00f6r\u00fcn\u00fcrl\u00fc\u011f\u00fcn\u00fcz\u00fc art\u0131r\u0131r.<\/li>\n<\/ul>\n<p>Profesyonel bir <strong>fuar stand\u0131 tasar\u0131m\u0131<\/strong>, ziyaret\u00e7iler \u00fczerinde kal\u0131c\u0131 bir izlenim b\u0131rak\u0131r ve marka bilinirli\u011fini g\u00fc\u00e7lendirir. Bu nedenle, fuar ba\u015far\u0131n\u0131z i\u00e7in <em>fuar mimarl\u0131k<\/em> hizmetlerinden faydalanmak ak\u0131ll\u0131ca bir yat\u0131r\u0131md\u0131r.<\/p>\n<h2>Sonu\u00e7: Ba\u015far\u0131l\u0131 Bir Fuar Kat\u0131l\u0131m\u0131 \u0130\u00e7in Stratejik Ad\u0131mlar<\/h2>\n<p>Fuar kat\u0131l\u0131mlar\u0131, markan\u0131z i\u00e7in \u00f6nemli f\u0131rsatlar sunar. Bu f\u0131rsatlar\u0131 en iyi \u015fekilde de\u011ferlendirmek i\u00e7in <strong>fuar stand\u0131 kiralama<\/strong> ve tasar\u0131m\u0131 s\u00fcre\u00e7lerini stratejik bir yakla\u015f\u0131mla ele almak gerekir. Do\u011fru stand t\u00fcr\u00fcn\u00fc se\u00e7mek, b\u00fct\u00e7enizi etkin y\u00f6netmek ve profesyonel destek almak, fuar hedeflerinize ula\u015fman\u0131zda kilit rol oynar. \u00d6zellikle <em>fuar stand\u0131 kiralama fiyatlar\u0131<\/em> konusunda detayl\u0131 ara\u015ft\u0131rma yapmak ve markan\u0131z\u0131n ihtiya\u00e7lar\u0131na en uygun \u00e7\u00f6z\u00fcm\u00fc bulmak \u00f6nemlidir. Unutmay\u0131n, fuar stand\u0131n\u0131z, markan\u0131z\u0131n kartviziti gibidir; bu kartviziti en etkili \u015fekilde sunmak i\u00e7in profesyonel <strong>fuar mimarl\u0131k<\/strong> hizmetlerinden yararlanmaktan \u00e7ekinmeyin. Hemen bizimle ileti\u015fime ge\u00e7erek markan\u0131za \u00f6zel fuar stand\u0131 \u00e7\u00f6z\u00fcmlerimizi ke\u015ffedin ve fuar ba\u015far\u0131n\u0131z i\u00e7in ilk ad\u0131m\u0131 at\u0131n!<\/p>\n<p><strong>Etiketler:<\/strong><\/p>\n<p>fuar stand\u0131, fuar stand\u0131 tasar\u0131m\u0131, fuar stand\u0131 fiyatlar\u0131, fuar stand\u0131 kiralama, ah\u015fap fuar stand\u0131, mod\u00fcler fuar stand\u0131, istanbul fuar stand\u0131, fuar mimarl\u0131k, fuar stand firmalar\u0131, fuar stand \u00fcretimi, t\u00fcyap fuar stand\u0131, cnr expo fuar stand\u0131, izmir fuar stand\u0131, ankara fuar stand\u0131<\/p>\n","protected":false},"excerpt":{"rendered":"<p>Fuar stand\u0131 kiralama fiyatlar\u0131, stand t\u00fcrleri ve profesyonel fuar mimarl\u0131k hizmetlerinin \u00f6nemini anlatan kapsaml\u0131 rehber. Markan\u0131z i\u00e7in&#8230; <\/p>\n","protected":false},"author":1,"featured_media":0,"comment_status":"closed","ping_status":"closed","sticky":false,"template":"","format":"standard","meta":{"footnotes":""},"categories":[1],"tags":[192,201,199,195,196,197,188,190,191,189,194,200,193,198],"class_list":["post-5577","post","type-post","status-publish","format-standard","hentry","category-genel","tag-ahsap-fuar-standi","tag-ankara-fuar-standi","tag-cnr-expo-fuar-standi","tag-fuar-mimarlik","tag-fuar-stand-firmalari","tag-fuar-stand-uretimi","tag-fuar-standi","tag-fuar-standi-fiyatlari","tag-fuar-standi-kiralama","tag-fuar-standi-tasarimi","tag-istanbul-fuar-standi","tag-izmir-fuar-standi","tag-moduler-fuar-standi","tag-tuyap-fuar-standi"],"yoast_head":"<!-- This site is optimized with the Yoast SEO plugin v27.3 - https:\/\/yoast.com\/product\/yoast-seo-wordpress\/ -->\n<title>Fuar Stand\u0131 Kiralama Fiyatlar\u0131 | Profesyonel Fuar Stand\u0131 \u00c7\u00f6z\u00fcmleri - InDesign Architecture<\/title>\n<meta name=\"description\" content=\"Fuar stand\u0131 kiralama fiyatlar\u0131, stand t\u00fcrleri ve profesyonel fuar mimarl\u0131k hizmetlerinin \u00f6nemini anlatan kapsaml\u0131 rehber. Markan\u0131z i\u00e7in...\" \/>\n<meta name=\"robots\" content=\"index, follow, max-snippet:-1, max-image-preview:large, max-video-preview:-1\" \/>\n<link rel=\"canonical\" href=\"https:\/\/www.indesignmimarlik.com\/fuar-standi-kiralama-fiyatlari-rehberi\/\" \/>\n<meta property=\"og:locale\" content=\"en_US\" \/>\n<meta property=\"og:type\" content=\"article\" \/>\n<meta property=\"og:title\" content=\"Fuar Stand\u0131 Kiralama Fiyatlar\u0131 | Profesyonel Fuar Stand\u0131 \u00c7\u00f6z\u00fcmleri - [:tr]InDesign Mimarl\u0131k[:en]InDesign Architecture[:]\" \/>\n<meta property=\"og:description\" content=\"Fuar stand\u0131 kiralama fiyatlar\u0131, stand t\u00fcrleri ve profesyonel fuar mimarl\u0131k hizmetlerinin \u00f6nemini anlatan kapsaml\u0131 rehber. Markan\u0131z i\u00e7in...\" \/>\n<meta property=\"og:url\" content=\"https:\/\/www.indesignmimarlik.com\/fuar-standi-kiralama-fiyatlari-rehberi\/\" \/>\n<meta property=\"og:site_name\" content=\"[:tr]InDesign Mimarl\u0131k[:en]InDesign Architecture[:]\" \/>\n<meta property=\"article:publisher\" content=\"https:\/\/www.facebook.com\/INDESIGNMIMARLIK\/\" \/>\n<meta property=\"article:published_time\" content=\"2026-04-07T06:07:14+00:00\" \/>\n<meta property=\"og:image\" content=\"https:\/\/www.indesignmimarlik.com\/wp-content\/uploads\/2026\/04\/indesign-mimarlik-og-image.jpg\" \/>\n\t<meta property=\"og:image:width\" content=\"1280\" \/>\n\t<meta property=\"og:image:height\" content=\"720\" \/>\n\t<meta property=\"og:image:type\" content=\"image\/jpeg\" \/>\n<meta name=\"author\" content=\"admin\" \/>\n<meta name=\"twitter:card\" content=\"summary_large_image\" \/>\n<meta name=\"twitter:label1\" content=\"Written by\" \/>\n\t<meta name=\"twitter:data1\" content=\"admin\" \/>\n\t<meta name=\"twitter:label2\" content=\"Est. reading time\" \/>\n\t<meta name=\"twitter:data2\" content=\"7 minutes\" \/>\n<script type=\"application\/ld+json\" class=\"yoast-schema-graph\">{\"@context\":\"https:\\\/\\\/schema.org\",\"@graph\":[{\"@type\":\"Article\",\"@id\":\"https:\\\/\\\/www.indesignmimarlik.com\\\/fuar-standi-kiralama-fiyatlari-rehberi\\\/#article\",\"isPartOf\":{\"@id\":\"https:\\\/\\\/www.indesignmimarlik.com\\\/fuar-standi-kiralama-fiyatlari-rehberi\\\/\"},\"author\":{\"name\":\"admin\",\"@id\":\"https:\\\/\\\/www.indesignmimarlik.com\\\/#\\\/schema\\\/person\\\/51561a858ae73ac56b7545d8e81c0ab1\"},\"headline\":\"Fuar Stand\u0131 Kiralama Fiyatlar\u0131 | Profesyonel Fuar Stand\u0131 \u00c7\u00f6z\u00fcmleri\",\"datePublished\":\"2026-04-07T06:07:14+00:00\",\"mainEntityOfPage\":{\"@id\":\"https:\\\/\\\/www.indesignmimarlik.com\\\/fuar-standi-kiralama-fiyatlari-rehberi\\\/\"},\"wordCount\":1313,\"publisher\":{\"@id\":\"https:\\\/\\\/www.indesignmimarlik.com\\\/#organization\"},\"keywords\":[\"ah\u015fap fuar stand\u0131\",\"ankara fuar stand\u0131\",\"cnr expo fuar stand\u0131\",\"fuar mimarl\u0131k\",\"fuar stand firmalar\u0131\",\"fuar stand \u00fcretimi\",\"fuar stand\u0131\",\"fuar stand\u0131 fiyatlar\u0131\",\"fuar stand\u0131 kiralama\",\"fuar stand\u0131 tasar\u0131m\u0131\",\"istanbul fuar stand\u0131\",\"izmir fuar stand\u0131\",\"mod\u00fcler fuar stand\u0131\",\"t\u00fcyap fuar stand\u0131\"],\"articleSection\":[\"Genel\"],\"inLanguage\":\"en-US\"},{\"@type\":\"WebPage\",\"@id\":\"https:\\\/\\\/www.indesignmimarlik.com\\\/fuar-standi-kiralama-fiyatlari-rehberi\\\/\",\"url\":\"https:\\\/\\\/www.indesignmimarlik.com\\\/fuar-standi-kiralama-fiyatlari-rehberi\\\/\",\"name\":\"Fuar Stand\u0131 Kiralama Fiyatlar\u0131 | Profesyonel Fuar Stand\u0131 \u00c7\u00f6z\u00fcmleri - [:tr]InDesign Mimarl\u0131k[:en]InDesign Architecture[:]\",\"isPartOf\":{\"@id\":\"https:\\\/\\\/www.indesignmimarlik.com\\\/#website\"},\"datePublished\":\"2026-04-07T06:07:14+00:00\",\"description\":\"Fuar stand\u0131 kiralama fiyatlar\u0131, stand t\u00fcrleri ve profesyonel fuar mimarl\u0131k hizmetlerinin \u00f6nemini anlatan kapsaml\u0131 rehber. Markan\u0131z i\u00e7in...\",\"breadcrumb\":{\"@id\":\"https:\\\/\\\/www.indesignmimarlik.com\\\/fuar-standi-kiralama-fiyatlari-rehberi\\\/#breadcrumb\"},\"inLanguage\":\"en-US\",\"potentialAction\":[{\"@type\":\"ReadAction\",\"target\":[\"https:\\\/\\\/www.indesignmimarlik.com\\\/fuar-standi-kiralama-fiyatlari-rehberi\\\/\"]}]},{\"@type\":\"BreadcrumbList\",\"@id\":\"https:\\\/\\\/www.indesignmimarlik.com\\\/fuar-standi-kiralama-fiyatlari-rehberi\\\/#breadcrumb\",\"itemListElement\":[{\"@type\":\"ListItem\",\"position\":1,\"name\":\"Anasayfa\",\"item\":\"https:\\\/\\\/www.indesignmimarlik.com\\\/\"},{\"@type\":\"ListItem\",\"position\":2,\"name\":\"Fuar Stand\u0131 Kiralama Fiyatlar\u0131 | Profesyonel Fuar Stand\u0131 \u00c7\u00f6z\u00fcmleri\"}]},{\"@type\":\"WebSite\",\"@id\":\"https:\\\/\\\/www.indesignmimarlik.com\\\/#website\",\"url\":\"https:\\\/\\\/www.indesignmimarlik.com\\\/\",\"name\":\"InDesign Mimarl\u0131k\",\"description\":\"Fuar Stand firmalar\u0131 | Fuar Stand fiyatlar\u0131 |  Fuar Stand\u0131 Yapan firmalar istanbul | Fuar Stand Tasar\u0131mlar\u0131 | Fuar Stand\u0131 kiralama | Mod\u00fcler Fuar stand\u0131 | Stand \u00fcretimi yapan firmalar\",\"publisher\":{\"@id\":\"https:\\\/\\\/www.indesignmimarlik.com\\\/#organization\"},\"potentialAction\":[{\"@type\":\"SearchAction\",\"target\":{\"@type\":\"EntryPoint\",\"urlTemplate\":\"https:\\\/\\\/www.indesignmimarlik.com\\\/?s={search_term_string}\"},\"query-input\":{\"@type\":\"PropertyValueSpecification\",\"valueRequired\":true,\"valueName\":\"search_term_string\"}}],\"inLanguage\":\"en-US\"},{\"@type\":\"Organization\",\"@id\":\"https:\\\/\\\/www.indesignmimarlik.com\\\/#organization\",\"name\":\"InDesign Mimarl\u0131k\",\"url\":\"https:\\\/\\\/www.indesignmimarlik.com\\\/\",\"logo\":{\"@type\":\"ImageObject\",\"inLanguage\":\"en-US\",\"@id\":\"https:\\\/\\\/www.indesignmimarlik.com\\\/#\\\/schema\\\/logo\\\/image\\\/\",\"url\":\"https:\\\/\\\/www.indesignmimarlik.com\\\/wp-content\\\/uploads\\\/2020\\\/06\\\/indesign-mimarlik-logo221120112-SON.png\",\"contentUrl\":\"https:\\\/\\\/www.indesignmimarlik.com\\\/wp-content\\\/uploads\\\/2020\\\/06\\\/indesign-mimarlik-logo221120112-SON.png\",\"width\":300,\"height\":91,\"caption\":\"InDesign Mimarl\u0131k\"},\"image\":{\"@id\":\"https:\\\/\\\/www.indesignmimarlik.com\\\/#\\\/schema\\\/logo\\\/image\\\/\"},\"sameAs\":[\"https:\\\/\\\/www.facebook.com\\\/INDESIGNMIMARLIK\\\/\"]},{\"@type\":\"Person\",\"@id\":\"https:\\\/\\\/www.indesignmimarlik.com\\\/#\\\/schema\\\/person\\\/51561a858ae73ac56b7545d8e81c0ab1\",\"name\":\"admin\",\"image\":{\"@type\":\"ImageObject\",\"inLanguage\":\"en-US\",\"@id\":\"https:\\\/\\\/secure.gravatar.com\\\/avatar\\\/edfc38b7686be42955dc183a47d17d1ed95653d8f39336c679260b941f8809b8?s=96&d=mm&r=g\",\"url\":\"https:\\\/\\\/secure.gravatar.com\\\/avatar\\\/edfc38b7686be42955dc183a47d17d1ed95653d8f39336c679260b941f8809b8?s=96&d=mm&r=g\",\"contentUrl\":\"https:\\\/\\\/secure.gravatar.com\\\/avatar\\\/edfc38b7686be42955dc183a47d17d1ed95653d8f39336c679260b941f8809b8?s=96&d=mm&r=g\",\"caption\":\"admin\"},\"url\":\"https:\\\/\\\/www.indesignmimarlik.com\\\/en\\\/author\\\/adapod\\\/\"}]}<\/script>\n<!-- \/ Yoast SEO plugin. -->","yoast_head_json":{"title":"Fuar Stand\u0131 Kiralama Fiyatlar\u0131 | Profesyonel Fuar Stand\u0131 \u00c7\u00f6z\u00fcmleri - [:tr]InDesign Mimarl\u0131k[:en]InDesign Architecture[:]","description":"Fuar stand\u0131 kiralama fiyatlar\u0131, stand t\u00fcrleri ve profesyonel fuar mimarl\u0131k hizmetlerinin \u00f6nemini anlatan kapsaml\u0131 rehber. Markan\u0131z i\u00e7in...","robots":{"index":"index","follow":"follow","max-snippet":"max-snippet:-1","max-image-preview":"max-image-preview:large","max-video-preview":"max-video-preview:-1"},"canonical":"https:\/\/www.indesignmimarlik.com\/fuar-standi-kiralama-fiyatlari-rehberi\/","og_locale":"en_US","og_type":"article","og_title":"Fuar Stand\u0131 Kiralama Fiyatlar\u0131 | Profesyonel Fuar Stand\u0131 \u00c7\u00f6z\u00fcmleri - [:tr]InDesign Mimarl\u0131k[:en]InDesign Architecture[:]","og_description":"Fuar stand\u0131 kiralama fiyatlar\u0131, stand t\u00fcrleri ve profesyonel fuar mimarl\u0131k hizmetlerinin \u00f6nemini anlatan kapsaml\u0131 rehber. Markan\u0131z i\u00e7in...","og_url":"https:\/\/www.indesignmimarlik.com\/fuar-standi-kiralama-fiyatlari-rehberi\/","og_site_name":"[:tr]InDesign Mimarl\u0131k[:en]InDesign Architecture[:]","article_publisher":"https:\/\/www.facebook.com\/INDESIGNMIMARLIK\/","article_published_time":"2026-04-07T06:07:14+00:00","og_image":[{"width":1280,"height":720,"url":"https:\/\/www.indesignmimarlik.com\/wp-content\/uploads\/2026\/04\/indesign-mimarlik-og-image.jpg","type":"image\/jpeg"}],"author":"admin","twitter_card":"summary_large_image","twitter_misc":{"Written by":"admin","Est. reading time":"7 minutes"},"schema":{"@context":"https:\/\/schema.org","@graph":[{"@type":"Article","@id":"https:\/\/www.indesignmimarlik.com\/fuar-standi-kiralama-fiyatlari-rehberi\/#article","isPartOf":{"@id":"https:\/\/www.indesignmimarlik.com\/fuar-standi-kiralama-fiyatlari-rehberi\/"},"author":{"name":"admin","@id":"https:\/\/www.indesignmimarlik.com\/#\/schema\/person\/51561a858ae73ac56b7545d8e81c0ab1"},"headline":"Fuar Stand\u0131 Kiralama Fiyatlar\u0131 | Profesyonel Fuar Stand\u0131 \u00c7\u00f6z\u00fcmleri","datePublished":"2026-04-07T06:07:14+00:00","mainEntityOfPage":{"@id":"https:\/\/www.indesignmimarlik.com\/fuar-standi-kiralama-fiyatlari-rehberi\/"},"wordCount":1313,"publisher":{"@id":"https:\/\/www.indesignmimarlik.com\/#organization"},"keywords":["ah\u015fap fuar stand\u0131","ankara fuar stand\u0131","cnr expo fuar stand\u0131","fuar mimarl\u0131k","fuar stand firmalar\u0131","fuar stand \u00fcretimi","fuar stand\u0131","fuar stand\u0131 fiyatlar\u0131","fuar stand\u0131 kiralama","fuar stand\u0131 tasar\u0131m\u0131","istanbul fuar stand\u0131","izmir fuar stand\u0131","mod\u00fcler fuar stand\u0131","t\u00fcyap fuar stand\u0131"],"articleSection":["Genel"],"inLanguage":"en-US"},{"@type":"WebPage","@id":"https:\/\/www.indesignmimarlik.com\/fuar-standi-kiralama-fiyatlari-rehberi\/","url":"https:\/\/www.indesignmimarlik.com\/fuar-standi-kiralama-fiyatlari-rehberi\/","name":"Fuar Stand\u0131 Kiralama Fiyatlar\u0131 | Profesyonel Fuar Stand\u0131 \u00c7\u00f6z\u00fcmleri - [:tr]InDesign Mimarl\u0131k[:en]InDesign Architecture[:]","isPartOf":{"@id":"https:\/\/www.indesignmimarlik.com\/#website"},"datePublished":"2026-04-07T06:07:14+00:00","description":"Fuar stand\u0131 kiralama fiyatlar\u0131, stand t\u00fcrleri ve profesyonel fuar mimarl\u0131k hizmetlerinin \u00f6nemini anlatan kapsaml\u0131 rehber. Markan\u0131z i\u00e7in...","breadcrumb":{"@id":"https:\/\/www.indesignmimarlik.com\/fuar-standi-kiralama-fiyatlari-rehberi\/#breadcrumb"},"inLanguage":"en-US","potentialAction":[{"@type":"ReadAction","target":["https:\/\/www.indesignmimarlik.com\/fuar-standi-kiralama-fiyatlari-rehberi\/"]}]},{"@type":"BreadcrumbList","@id":"https:\/\/www.indesignmimarlik.com\/fuar-standi-kiralama-fiyatlari-rehberi\/#breadcrumb","itemListElement":[{"@type":"ListItem","position":1,"name":"Anasayfa","item":"https:\/\/www.indesignmimarlik.com\/"},{"@type":"ListItem","position":2,"name":"Fuar Stand\u0131 Kiralama Fiyatlar\u0131 | Profesyonel Fuar Stand\u0131 \u00c7\u00f6z\u00fcmleri"}]},{"@type":"WebSite","@id":"https:\/\/www.indesignmimarlik.com\/#website","url":"https:\/\/www.indesignmimarlik.com\/","name":"InDesign Mimarl\u0131k","description":"Fuar Stand firmalar\u0131 | Fuar Stand fiyatlar\u0131 |  Fuar Stand\u0131 Yapan firmalar istanbul | Fuar Stand Tasar\u0131mlar\u0131 | Fuar Stand\u0131 kiralama | Mod\u00fcler Fuar stand\u0131 | Stand \u00fcretimi yapan firmalar","publisher":{"@id":"https:\/\/www.indesignmimarlik.com\/#organization"},"potentialAction":[{"@type":"SearchAction","target":{"@type":"EntryPoint","urlTemplate":"https:\/\/www.indesignmimarlik.com\/?s={search_term_string}"},"query-input":{"@type":"PropertyValueSpecification","valueRequired":true,"valueName":"search_term_string"}}],"inLanguage":"en-US"},{"@type":"Organization","@id":"https:\/\/www.indesignmimarlik.com\/#organization","name":"InDesign Mimarl\u0131k","url":"https:\/\/www.indesignmimarlik.com\/","logo":{"@type":"ImageObject","inLanguage":"en-US","@id":"https:\/\/www.indesignmimarlik.com\/#\/schema\/logo\/image\/","url":"https:\/\/www.indesignmimarlik.com\/wp-content\/uploads\/2020\/06\/indesign-mimarlik-logo221120112-SON.png","contentUrl":"https:\/\/www.indesignmimarlik.com\/wp-content\/uploads\/2020\/06\/indesign-mimarlik-logo221120112-SON.png","width":300,"height":91,"caption":"InDesign Mimarl\u0131k"},"image":{"@id":"https:\/\/www.indesignmimarlik.com\/#\/schema\/logo\/image\/"},"sameAs":["https:\/\/www.facebook.com\/INDESIGNMIMARLIK\/"]},{"@type":"Person","@id":"https:\/\/www.indesignmimarlik.com\/#\/schema\/person\/51561a858ae73ac56b7545d8e81c0ab1","name":"admin","image":{"@type":"ImageObject","inLanguage":"en-US","@id":"https:\/\/secure.gravatar.com\/avatar\/edfc38b7686be42955dc183a47d17d1ed95653d8f39336c679260b941f8809b8?s=96&d=mm&r=g","url":"https:\/\/secure.gravatar.com\/avatar\/edfc38b7686be42955dc183a47d17d1ed95653d8f39336c679260b941f8809b8?s=96&d=mm&r=g","contentUrl":"https:\/\/secure.gravatar.com\/avatar\/edfc38b7686be42955dc183a47d17d1ed95653d8f39336c679260b941f8809b8?s=96&d=mm&r=g","caption":"admin"},"url":"https:\/\/www.indesignmimarlik.com\/en\/author\/adapod\/"}]}},"_links":{"self":[{"href":"https:\/\/www.indesignmimarlik.com\/en\/wp-json\/wp\/v2\/posts\/5577","targetHints":{"allow":["GET"]}}],"collection":[{"href":"https:\/\/www.indesignmimarlik.com\/en\/wp-json\/wp\/v2\/posts"}],"about":[{"href":"https:\/\/www.indesignmimarlik.com\/en\/wp-json\/wp\/v2\/types\/post"}],"author":[{"embeddable":true,"href":"https:\/\/www.indesignmimarlik.com\/en\/wp-json\/wp\/v2\/users\/1"}],"replies":[{"embeddable":true,"href":"https:\/\/www.indesignmimarlik.com\/en\/wp-json\/wp\/v2\/comments?post=5577"}],"version-history":[{"count":1,"href":"https:\/\/www.indesignmimarlik.com\/en\/wp-json\/wp\/v2\/posts\/5577\/revisions"}],"predecessor-version":[{"id":5578,"href":"https:\/\/www.indesignmimarlik.com\/en\/wp-json\/wp\/v2\/posts\/5577\/revisions\/5578"}],"wp:attachment":[{"href":"https:\/\/www.indesignmimarlik.com\/en\/wp-json\/wp\/v2\/media?parent=5577"}],"wp:term":[{"taxonomy":"category","embeddable":true,"href":"https:\/\/www.indesignmimarlik.com\/en\/wp-json\/wp\/v2\/categories?post=5577"},{"taxonomy":"post_tag","embeddable":true,"href":"https:\/\/www.indesignmimarlik.com\/en\/wp-json\/wp\/v2\/tags?post=5577"}],"curies":[{"name":"wp","href":"https:\/\/api.w.org\/{rel}","templated":true}]}}