{"id":5581,"date":"2026-04-07T09:07:50","date_gmt":"2026-04-07T06:07:50","guid":{"rendered":"https:\/\/www.indesignmimarlik.com\/fuar-standi-kiralama-sureci-rehberi\/"},"modified":"2026-04-07T09:07:50","modified_gmt":"2026-04-07T06:07:50","slug":"fuar-standi-kiralama-sureci-rehberi","status":"publish","type":"post","link":"https:\/\/www.indesignmimarlik.com\/en\/fuar-standi-kiralama-sureci-rehberi\/","title":{"rendered":"Fuar Stand\u0131 Kiralama S\u00fcreci | Profesyonel Fuar Stand\u0131 \u00c7\u00f6z\u00fcmleri"},"content":{"rendered":"<p>Fuar kat\u0131l\u0131mc\u0131lar\u0131 i\u00e7in <strong>fuar stand\u0131 kiralama s\u00fcreci<\/strong>, markan\u0131n g\u00f6r\u00fcn\u00fcrl\u00fc\u011f\u00fcn\u00fc art\u0131rmak ve potansiyel m\u00fc\u015fterilerle etkile\u015fim kurmak ad\u0131na kritik bir \u00f6neme sahiptir. Ba\u015far\u0131l\u0131 bir fuar kat\u0131l\u0131m\u0131, do\u011fru stand se\u00e7imi ve etkili bir tasar\u0131mla do\u011frudan ili\u015fkilidir. Bu rehberde, fuar stand\u0131 kiralama s\u00fcrecinin t\u00fcm a\u015famalar\u0131n\u0131 ele alacak, dikkat etmeniz gereken noktalar\u0131 vurgulayacak ve markan\u0131z i\u00e7in en uygun \u00e7\u00f6z\u00fcmleri bulman\u0131za yard\u0131mc\u0131 olaca\u011f\u0131z. Fuar stand\u0131 kiralama, \u00f6zellikle ilk kez fuara kat\u0131lacak firmalar veya belirli projeler i\u00e7in ge\u00e7ici \u00e7\u00f6z\u00fcmler arayanlar i\u00e7in maliyet etkin bir se\u00e7enektir.<\/p>\n<h2>Fuar Stand\u0131 Se\u00e7erken Dikkat Edilmesi Gerekenler ile Fuar Stand\u0131 Kiralama S\u00fcreci<\/h2>\n<p>Do\u011fru fuar stand\u0131n\u0131 se\u00e7mek, fuar ba\u015far\u0131n\u0131z\u0131n temelini olu\u015fturur. Bu se\u00e7imde g\u00f6z \u00f6n\u00fcnde bulundurman\u0131z gereken en \u00f6nemli fakt\u00f6rler \u015funlard\u0131r:<\/p>\n<ul>\n<li><strong>Marka Kimli\u011fi ve Hedef Kitle:<\/strong> Stand\u0131n\u0131z, markan\u0131z\u0131n bir yans\u0131mas\u0131 olmal\u0131d\u0131r. Tasar\u0131m, renkler ve materyaller markan\u0131z\u0131n kimli\u011fiyle uyumlu olmal\u0131 ve hedef kitlenizin dikkatini \u00e7ekecek \u015fekilde planlanmal\u0131d\u0131r.<\/li>\n<li><strong>Fuar\u0131n Niteli\u011fi ve Konumu:<\/strong> Kat\u0131laca\u011f\u0131n\u0131z fuar\u0131n sekt\u00f6r\u00fc, kat\u0131l\u0131mc\u0131 profili ve hedef kitlenizin beklentileri stand se\u00e7iminde belirleyici olmal\u0131d\u0131r. \u00d6rne\u011fin, teknoloji fuarlar\u0131nda daha modern ve interaktif tasar\u0131mlar \u00f6ne \u00e7\u0131karken, el sanatlar\u0131 fuarlar\u0131nda <strong>ah\u015fap fuar stand\u0131<\/strong> gibi do\u011fal ve s\u0131cak materyaller daha uygun olabilir.<\/li>\n<li><strong>B\u00fct\u00e7e Planlamas\u0131:<\/strong> Fuar stand\u0131 kiralama maliyetleri, stand\u0131n boyutuna, tasar\u0131m\u0131na ve kullan\u0131lan malzemelere g\u00f6re de\u011fi\u015fiklik g\u00f6sterir. Detayl\u0131 bir b\u00fct\u00e7e planlamas\u0131 yaparak, beklentilerinizi kar\u015f\u0131layan en uygun stand \u00e7\u00f6z\u00fcm\u00fcn\u00fc bulabilirsiniz.<\/li>\n<li><strong>Stand\u0131n Fonksiyonelli\u011fi:<\/strong> Stand\u0131n\u0131z sadece estetik olarak de\u011fil, ayn\u0131 zamanda i\u015flevsel olarak da beklentilerinizi kar\u015f\u0131lamal\u0131d\u0131r. \u00dcr\u00fcn sergileme alanlar\u0131, g\u00f6r\u00fc\u015fme k\u00f6\u015feleri, depolama alanlar\u0131 gibi unsurlar, stand\u0131n kullan\u0131m amac\u0131na uygun olarak tasarlanmal\u0131d\u0131r.<\/li>\n<\/ul>\n<p>Bu unsurlar\u0131 g\u00f6z \u00f6n\u00fcnde bulundurarak yapaca\u011f\u0131n\u0131z do\u011fru bir se\u00e7im, fuar s\u00fcresince markan\u0131z\u0131n en iyi \u015fekilde temsil edilmesini sa\u011flayacakt\u0131r.<\/p>\n<h2>Fuar Stand\u0131 T\u00fcrleri ve \u00d6zellikleri<\/h2>\n<p>Fuar stand\u0131 kiralama se\u00e7enekleri aras\u0131nda farkl\u0131 t\u00fcrler bulunmaktad\u0131r. Her birinin kendine \u00f6zg\u00fc avantajlar\u0131 ve kullan\u0131m alanlar\u0131 vard\u0131r:<\/p>\n<h3>Ah\u015fap Fuar Stand\u0131<\/h3>\n<p><strong>Ah\u015fap fuar stand\u0131<\/strong>, s\u0131cak, do\u011fal ve prestijli bir g\u00f6r\u00fcn\u00fcm sunar. Dayan\u0131kl\u0131l\u0131\u011f\u0131 ve estetik g\u00f6r\u00fcn\u00fcm\u00fc sayesinde \u00f6zellikle l\u00fcks \u00fcr\u00fcn markalar\u0131 ve kurumsal firmalar taraf\u0131ndan tercih edilir. Ah\u015fap, istenilen her t\u00fcrl\u00fc \u015fekle kolayca girebildi\u011fi i\u00e7in <strong>fuar stand\u0131 tasar\u0131m\u0131<\/strong> konusunda s\u0131n\u0131rs\u0131z \u00f6zg\u00fcrl\u00fck sunar. \u00d6zel \u00fcretim ah\u015fap standlar, markan\u0131z\u0131n benzersiz kimli\u011fini vurgulamak i\u00e7in idealdir.<\/p>\n<h3>Mod\u00fcler Fuar Stand\u0131<\/h3>\n<p><strong>Mod\u00fcler fuar stand\u0131<\/strong>, h\u0131zl\u0131 kurulumu, s\u00f6k\u00fclebilirli\u011fi ve tekrar kullan\u0131labilirli\u011fi ile bilinir. Farkl\u0131 fuarlar i\u00e7in kolayca yeniden yap\u0131land\u0131r\u0131labilir. Bu stand t\u00fcr\u00fc, maliyet etkinli\u011fi ve esnekli\u011fi ile \u00f6ne \u00e7\u0131kar. Genellikle al\u00fcminyum profiller ve panellerden olu\u015fur, modern ve temiz bir g\u00f6r\u00fcn\u00fcm sunar.<\/p>\n<h3>Kiral\u0131k Fuar Stand\u0131<\/h3>\n<p><strong>Fuar stand\u0131 kiralama<\/strong>, \u00f6zellikle b\u00fct\u00e7esini optimize etmek isteyen firmalar i\u00e7in ak\u0131ll\u0131ca bir \u00e7\u00f6z\u00fcmd\u00fcr. Haz\u0131r veya \u00f6zel tasarlanm\u0131\u015f bir\u00e7ok stand se\u00e7ene\u011fi sunulur. Bu sayede, stand sat\u0131n alma maliyetinden kurtularak, fuar kat\u0131l\u0131m giderlerini daha \u00f6ng\u00f6r\u00fclebilir hale getirebilirsiniz. \u00d6zellikle <strong>\u0130stanbul fuar stand\u0131<\/strong> kiralama hizmetleri, \u015fehirdeki yo\u011fun fuar takvimine uyum sa\u011flama kolayl\u0131\u011f\u0131 sunar.<\/p>\n<h2>Fiyatlar\u0131 Etkileyen Fakt\u00f6rler<\/h2>\n<p><strong>Fuar stand\u0131 fiyatlar\u0131<\/strong>, bir\u00e7ok farkl\u0131 de\u011fi\u015fkene ba\u011fl\u0131 olarak \u015fekillenir. Stand kiralarken veya yapt\u0131r\u0131rken maliyeti etkileyen ba\u015fl\u0131ca fakt\u00f6rler \u015funlard\u0131r:<\/p>\n<h3>\u0130lgili Yaz\u0131lar<\/h3>\n<ul>\n<li><a href=\"https:\/\/www.indesignmimarlik.com\/sektore-gore-fuar-standi-tasarimi-onerileri-insaat-mobilya-teknoloji-gida\/\">Sekt\u00f6re G\u00f6re Fuar Stand\u0131 Tasar\u0131m\u0131 \u00d6nerileri (\u0130n\u015faat, Mobilya, Teknoloji, G\u0131da)<\/a><\/li>\n<li><a href=\"https:\/\/www.indesignmimarlik.com\/fuar-standi-ziyaretci-cekme-teknikleri-standinizi-kalabalik-gosterin-2026-stratejileri\/\">Fuar Stand\u0131 Ziyaret\u00e7i \u00c7ekme Teknikleri: Stand\u0131n\u0131z\u0131 Kalabal\u0131k G\u00f6sterin (2026 Stratejileri)<\/a><\/li>\n<li><a href=\"https:\/\/www.indesignmimarlik.com\/2026-fuar-standi-trendleri-gelecegin-stand-tasarimlari-nasil-olacak\/\">2026 Fuar Stand\u0131 Trendleri: Gelece\u011fin Stand Tasar\u0131mlar\u0131 Nas\u0131l Olacak?<\/a><\/li>\n<\/ul>\n<ul>\n<li><strong>Stand\u0131n Boyutu (m\u00b2):<\/strong> Fuar alan\u0131ndaki stand\u0131n\u0131z\u0131n kaplad\u0131\u011f\u0131 metrekare, maliyetin en \u00f6nemli belirleyicilerindendir.<\/li>\n<li><strong>Tasar\u0131m Karma\u015f\u0131kl\u0131\u011f\u0131 ve \u00d6zg\u00fcnl\u00fc\u011f\u00fc:<\/strong> \u00d6zel tasar\u0131m, detayl\u0131 mimari unsurlar ve \u00f6zg\u00fcn \u00e7\u00f6z\u00fcmler, standart tasar\u0131mlara g\u00f6re daha y\u00fcksek maliyetli olabilir.<\/li>\n<li><strong>Kullan\u0131lan Malzemeler:<\/strong> Ah\u015fap, metal, pleksi, kuma\u015f gibi farkl\u0131 malzemelerin kalitesi ve t\u00fcr\u00fc fiyatlar\u0131 do\u011frudan etkiler. Kaliteli ve dayan\u0131kl\u0131 malzemeler, genellikle daha y\u00fcksek maliyet anlam\u0131na gelir.<\/li>\n<li><strong>Ek Hizmetler:<\/strong> Ayd\u0131nlatma, dijital ekranlar, ses sistemleri, mobilya kiralama, grafik bask\u0131 gibi ek hizmetler toplam maliyeti art\u0131rabilir.<\/li>\n<li><strong>Kurulum ve S\u00f6k\u00fcm S\u00fcresi:<\/strong> Yo\u011fun zamanlarda veya \u00f6zel kurulum gerektiren durumlarda i\u015f\u00e7ilik maliyetleri artabilir.<\/li>\n<\/ul>\n<p>Bu fakt\u00f6rleri g\u00f6z \u00f6n\u00fcnde bulundurarak, <strong>fuar stand\u0131 fiyatlar\u0131<\/strong> hakk\u0131nda net bir fikir edinebilir ve b\u00fct\u00e7enize en uygun \u00e7\u00f6z\u00fcm\u00fc se\u00e7ebilirsiniz.<\/p>\n<h2>Neden Profesyonel Fuar Mimarl\u0131k Hizmeti Almal\u0131s\u0131n\u0131z?<\/h2>\n<p>Etkili bir <strong>fuar mimarl\u0131k<\/strong> hizmeti almak, markan\u0131z\u0131n fuardaki ba\u015far\u0131s\u0131n\u0131 do\u011frudan etkileyen stratejik bir yat\u0131r\u0131md\u0131r. Profesyonel ekipler, sadece estetik kayg\u0131larla de\u011fil, ayn\u0131 zamanda i\u015flevsellik, marka bilinirli\u011fi ve hedef kitle etkile\u015fimi gibi unsurlar\u0131 da g\u00f6z \u00f6n\u00fcnde bulundurarak stand tasar\u0131mlar\u0131 ger\u00e7ekle\u015ftirirler. Bir <strong>fuar mimarl\u0131k<\/strong> firmas\u0131 ile \u00e7al\u0131\u015fmak size \u015fu avantajlar\u0131 sa\u011flar:<\/p>\n<ul>\n<li><strong>\u00d6zg\u00fcn ve Ak\u0131lda Kal\u0131c\u0131 Tasar\u0131mlar:<\/strong> Sekt\u00f6rdeki deneyimleri sayesinde, markan\u0131z\u0131n \u00f6ne \u00e7\u0131kmas\u0131n\u0131 sa\u011flayacak yarat\u0131c\u0131 ve yenilik\u00e7i tasar\u0131mlar sunarlar.<\/li>\n<li><strong>Maksimum Alan Kullan\u0131m\u0131:<\/strong> Stand\u0131n\u0131z\u0131n her metrekaresini en verimli \u015fekilde kullanacak planlamalar yaparlar.<\/li>\n<li><strong>Teknik Bilgi ve Deneyim:<\/strong> Fuar alanlar\u0131n\u0131n kurallar\u0131, izinler, teknik altyap\u0131 gibi konularda bilgi sahibidirler, bu da s\u00fcreci sorunsuz hale getirir.<\/li>\n<li><strong>Zaman ve Maliyet Tasarrufu:<\/strong> Tasar\u0131m, \u00fcretim ve kurulum s\u00fcre\u00e7lerini uzmanl\u0131kla y\u00f6neterek size zaman ve maliyet tasarrufu sa\u011flarlar.<\/li>\n<\/ul>\n<p>\u00d6zellikle <strong>\u0130stanbul fuar stand\u0131<\/strong> projelerinde, yerel fuar alanlar\u0131n\u0131n dinamiklerine hakim profesyonel bir mimarl\u0131k ekibiyle \u00e7al\u0131\u015fmak, s\u00fcreci \u00e7ok daha verimli hale getirecektir.<\/p>\n<h2>Sonu\u00e7<\/h2>\n<p>Fuar stand\u0131 kiralama s\u00fcreci, do\u011fru planlama ve strateji ile markan\u0131z i\u00e7in muazzam f\u0131rsatlar sunabilir. <strong>Fuar stand\u0131 kiralama<\/strong>, maliyet etkinli\u011fi ve esnekli\u011fi ile \u00f6ne \u00e7\u0131karken, <strong>ah\u015fap fuar stand\u0131<\/strong> gibi \u00f6zel \u00e7\u00f6z\u00fcmler markan\u0131z\u0131n prestijini art\u0131rabilir. Profesyonel <strong>fuar mimarl\u0131k<\/strong> hizmeti alarak, stand\u0131n\u0131z\u0131n sadece g\u00f6rsel olarak de\u011fil, ayn\u0131 zamanda stratejik olarak da en iyi \u015fekilde planlanmas\u0131n\u0131 sa\u011flayabilirsiniz. Unutmay\u0131n, fuar stand\u0131n\u0131z, markan\u0131z\u0131n fuardaki en \u00f6nemli temsilcisidir. Bu nedenle, bu s\u00fcreci ciddiye almak ve profesyonel destek almak, fuar kat\u0131l\u0131m\u0131n\u0131z\u0131n ba\u015far\u0131s\u0131 i\u00e7in kritik bir ad\u0131md\u0131r. Fuar\u0131n\u0131zda dikkat \u00e7ekmek, potansiyel m\u00fc\u015fterilerle bulu\u015fmak ve sat\u0131\u015flar\u0131n\u0131z\u0131 art\u0131rmak i\u00e7in do\u011fru stand \u00e7\u00f6z\u00fcmlerini ke\u015ffedin!<\/p>\n<p><strong>Hemen \u015fimdi bizimle ileti\u015fime ge\u00e7erek fuar stand\u0131 ihtiya\u00e7lar\u0131n\u0131z i\u00e7in \u00f6zel \u00e7\u00f6z\u00fcmlerimizi \u00f6\u011frenin ve markan\u0131z\u0131n fuardaki g\u00f6r\u00fcn\u00fcrl\u00fc\u011f\u00fcn\u00fc en \u00fcst d\u00fczeye \u00e7\u0131kar\u0131n!<\/strong><\/p>\n","protected":false},"excerpt":{"rendered":"<p>Fuar stand\u0131 kiralama s\u00fcrecini A&#8217;dan Z&#8217;ye \u00f6\u011frenin. Ah\u015fap, mod\u00fcler standlar, fiyatlar\u0131 ve profesyonel mimarl\u0131k hizmetleri hakk\u0131nda rehber. <\/p>\n","protected":false},"author":1,"featured_media":0,"comment_status":"closed","ping_status":"closed","sticky":false,"template":"","format":"standard","meta":{"footnotes":""},"categories":[1],"tags":[192,201,199,195,196,197,188,190,191,189,194,200,193,198],"class_list":["post-5581","post","type-post","status-publish","format-standard","hentry","category-genel","tag-ahsap-fuar-standi","tag-ankara-fuar-standi","tag-cnr-expo-fuar-standi","tag-fuar-mimarlik","tag-fuar-stand-firmalari","tag-fuar-stand-uretimi","tag-fuar-standi","tag-fuar-standi-fiyatlari","tag-fuar-standi-kiralama","tag-fuar-standi-tasarimi","tag-istanbul-fuar-standi","tag-izmir-fuar-standi","tag-moduler-fuar-standi","tag-tuyap-fuar-standi"],"yoast_head":"<!-- This site is optimized with the Yoast SEO plugin v27.3 - https:\/\/yoast.com\/product\/yoast-seo-wordpress\/ -->\n<title>Fuar Stand\u0131 Kiralama S\u00fcreci | Profesyonel Fuar Stand\u0131 \u00c7\u00f6z\u00fcmleri - InDesign Architecture<\/title>\n<meta name=\"description\" content=\"Fuar stand\u0131 kiralama s\u00fcrecini A&#039;dan Z&#039;ye \u00f6\u011frenin. Ah\u015fap, mod\u00fcler standlar, fiyatlar\u0131 ve profesyonel mimarl\u0131k hizmetleri hakk\u0131nda rehber.\" \/>\n<meta name=\"robots\" content=\"index, follow, max-snippet:-1, max-image-preview:large, max-video-preview:-1\" \/>\n<link rel=\"canonical\" href=\"https:\/\/www.indesignmimarlik.com\/fuar-standi-kiralama-sureci-rehberi\/\" \/>\n<meta property=\"og:locale\" content=\"en_US\" \/>\n<meta property=\"og:type\" content=\"article\" \/>\n<meta property=\"og:title\" content=\"Fuar Stand\u0131 Kiralama S\u00fcreci | Profesyonel Fuar Stand\u0131 \u00c7\u00f6z\u00fcmleri - [:tr]InDesign Mimarl\u0131k[:en]InDesign Architecture[:]\" \/>\n<meta property=\"og:description\" content=\"Fuar stand\u0131 kiralama s\u00fcrecini A&#039;dan Z&#039;ye \u00f6\u011frenin. Ah\u015fap, mod\u00fcler standlar, fiyatlar\u0131 ve profesyonel mimarl\u0131k hizmetleri hakk\u0131nda rehber.\" \/>\n<meta property=\"og:url\" content=\"https:\/\/www.indesignmimarlik.com\/fuar-standi-kiralama-sureci-rehberi\/\" \/>\n<meta property=\"og:site_name\" content=\"[:tr]InDesign Mimarl\u0131k[:en]InDesign Architecture[:]\" \/>\n<meta property=\"article:publisher\" content=\"https:\/\/www.facebook.com\/INDESIGNMIMARLIK\/\" \/>\n<meta property=\"article:published_time\" content=\"2026-04-07T06:07:50+00:00\" \/>\n<meta property=\"og:image\" content=\"https:\/\/www.indesignmimarlik.com\/wp-content\/uploads\/2026\/04\/indesign-mimarlik-og-image.jpg\" \/>\n\t<meta property=\"og:image:width\" content=\"1280\" \/>\n\t<meta property=\"og:image:height\" content=\"720\" \/>\n\t<meta property=\"og:image:type\" content=\"image\/jpeg\" \/>\n<meta name=\"author\" content=\"admin\" \/>\n<meta name=\"twitter:card\" content=\"summary_large_image\" \/>\n<meta name=\"twitter:label1\" content=\"Written by\" \/>\n\t<meta name=\"twitter:data1\" content=\"admin\" \/>\n\t<meta name=\"twitter:label2\" content=\"Est. reading time\" \/>\n\t<meta name=\"twitter:data2\" content=\"7 minutes\" \/>\n<script type=\"application\/ld+json\" class=\"yoast-schema-graph\">{\"@context\":\"https:\\\/\\\/schema.org\",\"@graph\":[{\"@type\":\"Article\",\"@id\":\"https:\\\/\\\/www.indesignmimarlik.com\\\/fuar-standi-kiralama-sureci-rehberi\\\/#article\",\"isPartOf\":{\"@id\":\"https:\\\/\\\/www.indesignmimarlik.com\\\/fuar-standi-kiralama-sureci-rehberi\\\/\"},\"author\":{\"name\":\"admin\",\"@id\":\"https:\\\/\\\/www.indesignmimarlik.com\\\/#\\\/schema\\\/person\\\/51561a858ae73ac56b7545d8e81c0ab1\"},\"headline\":\"Fuar Stand\u0131 Kiralama S\u00fcreci | Profesyonel Fuar Stand\u0131 \u00c7\u00f6z\u00fcmleri\",\"datePublished\":\"2026-04-07T06:07:50+00:00\",\"mainEntityOfPage\":{\"@id\":\"https:\\\/\\\/www.indesignmimarlik.com\\\/fuar-standi-kiralama-sureci-rehberi\\\/\"},\"wordCount\":1225,\"publisher\":{\"@id\":\"https:\\\/\\\/www.indesignmimarlik.com\\\/#organization\"},\"keywords\":[\"ah\u015fap fuar stand\u0131\",\"ankara fuar stand\u0131\",\"cnr expo fuar stand\u0131\",\"fuar mimarl\u0131k\",\"fuar stand firmalar\u0131\",\"fuar stand \u00fcretimi\",\"fuar stand\u0131\",\"fuar stand\u0131 fiyatlar\u0131\",\"fuar stand\u0131 kiralama\",\"fuar stand\u0131 tasar\u0131m\u0131\",\"istanbul fuar stand\u0131\",\"izmir fuar stand\u0131\",\"mod\u00fcler fuar stand\u0131\",\"t\u00fcyap fuar stand\u0131\"],\"articleSection\":[\"Genel\"],\"inLanguage\":\"en-US\"},{\"@type\":\"WebPage\",\"@id\":\"https:\\\/\\\/www.indesignmimarlik.com\\\/fuar-standi-kiralama-sureci-rehberi\\\/\",\"url\":\"https:\\\/\\\/www.indesignmimarlik.com\\\/fuar-standi-kiralama-sureci-rehberi\\\/\",\"name\":\"Fuar Stand\u0131 Kiralama S\u00fcreci | Profesyonel Fuar Stand\u0131 \u00c7\u00f6z\u00fcmleri - [:tr]InDesign Mimarl\u0131k[:en]InDesign Architecture[:]\",\"isPartOf\":{\"@id\":\"https:\\\/\\\/www.indesignmimarlik.com\\\/#website\"},\"datePublished\":\"2026-04-07T06:07:50+00:00\",\"description\":\"Fuar stand\u0131 kiralama s\u00fcrecini A'dan Z'ye \u00f6\u011frenin. Ah\u015fap, mod\u00fcler standlar, fiyatlar\u0131 ve profesyonel mimarl\u0131k hizmetleri hakk\u0131nda rehber.\",\"breadcrumb\":{\"@id\":\"https:\\\/\\\/www.indesignmimarlik.com\\\/fuar-standi-kiralama-sureci-rehberi\\\/#breadcrumb\"},\"inLanguage\":\"en-US\",\"potentialAction\":[{\"@type\":\"ReadAction\",\"target\":[\"https:\\\/\\\/www.indesignmimarlik.com\\\/fuar-standi-kiralama-sureci-rehberi\\\/\"]}]},{\"@type\":\"BreadcrumbList\",\"@id\":\"https:\\\/\\\/www.indesignmimarlik.com\\\/fuar-standi-kiralama-sureci-rehberi\\\/#breadcrumb\",\"itemListElement\":[{\"@type\":\"ListItem\",\"position\":1,\"name\":\"Anasayfa\",\"item\":\"https:\\\/\\\/www.indesignmimarlik.com\\\/\"},{\"@type\":\"ListItem\",\"position\":2,\"name\":\"Fuar Stand\u0131 Kiralama S\u00fcreci | Profesyonel Fuar Stand\u0131 \u00c7\u00f6z\u00fcmleri\"}]},{\"@type\":\"WebSite\",\"@id\":\"https:\\\/\\\/www.indesignmimarlik.com\\\/#website\",\"url\":\"https:\\\/\\\/www.indesignmimarlik.com\\\/\",\"name\":\"InDesign Mimarl\u0131k\",\"description\":\"Fuar Stand firmalar\u0131 | Fuar Stand fiyatlar\u0131 |  Fuar Stand\u0131 Yapan firmalar istanbul | Fuar Stand Tasar\u0131mlar\u0131 | Fuar Stand\u0131 kiralama | Mod\u00fcler Fuar stand\u0131 | Stand \u00fcretimi yapan firmalar\",\"publisher\":{\"@id\":\"https:\\\/\\\/www.indesignmimarlik.com\\\/#organization\"},\"potentialAction\":[{\"@type\":\"SearchAction\",\"target\":{\"@type\":\"EntryPoint\",\"urlTemplate\":\"https:\\\/\\\/www.indesignmimarlik.com\\\/?s={search_term_string}\"},\"query-input\":{\"@type\":\"PropertyValueSpecification\",\"valueRequired\":true,\"valueName\":\"search_term_string\"}}],\"inLanguage\":\"en-US\"},{\"@type\":\"Organization\",\"@id\":\"https:\\\/\\\/www.indesignmimarlik.com\\\/#organization\",\"name\":\"InDesign Mimarl\u0131k\",\"url\":\"https:\\\/\\\/www.indesignmimarlik.com\\\/\",\"logo\":{\"@type\":\"ImageObject\",\"inLanguage\":\"en-US\",\"@id\":\"https:\\\/\\\/www.indesignmimarlik.com\\\/#\\\/schema\\\/logo\\\/image\\\/\",\"url\":\"https:\\\/\\\/www.indesignmimarlik.com\\\/wp-content\\\/uploads\\\/2020\\\/06\\\/indesign-mimarlik-logo221120112-SON.png\",\"contentUrl\":\"https:\\\/\\\/www.indesignmimarlik.com\\\/wp-content\\\/uploads\\\/2020\\\/06\\\/indesign-mimarlik-logo221120112-SON.png\",\"width\":300,\"height\":91,\"caption\":\"InDesign Mimarl\u0131k\"},\"image\":{\"@id\":\"https:\\\/\\\/www.indesignmimarlik.com\\\/#\\\/schema\\\/logo\\\/image\\\/\"},\"sameAs\":[\"https:\\\/\\\/www.facebook.com\\\/INDESIGNMIMARLIK\\\/\"]},{\"@type\":\"Person\",\"@id\":\"https:\\\/\\\/www.indesignmimarlik.com\\\/#\\\/schema\\\/person\\\/51561a858ae73ac56b7545d8e81c0ab1\",\"name\":\"admin\",\"image\":{\"@type\":\"ImageObject\",\"inLanguage\":\"en-US\",\"@id\":\"https:\\\/\\\/secure.gravatar.com\\\/avatar\\\/edfc38b7686be42955dc183a47d17d1ed95653d8f39336c679260b941f8809b8?s=96&d=mm&r=g\",\"url\":\"https:\\\/\\\/secure.gravatar.com\\\/avatar\\\/edfc38b7686be42955dc183a47d17d1ed95653d8f39336c679260b941f8809b8?s=96&d=mm&r=g\",\"contentUrl\":\"https:\\\/\\\/secure.gravatar.com\\\/avatar\\\/edfc38b7686be42955dc183a47d17d1ed95653d8f39336c679260b941f8809b8?s=96&d=mm&r=g\",\"caption\":\"admin\"},\"url\":\"https:\\\/\\\/www.indesignmimarlik.com\\\/en\\\/author\\\/adapod\\\/\"}]}<\/script>\n<!-- \/ Yoast SEO plugin. -->","yoast_head_json":{"title":"Fuar Stand\u0131 Kiralama S\u00fcreci | Profesyonel Fuar Stand\u0131 \u00c7\u00f6z\u00fcmleri - [:tr]InDesign Mimarl\u0131k[:en]InDesign Architecture[:]","description":"Fuar stand\u0131 kiralama s\u00fcrecini A'dan Z'ye \u00f6\u011frenin. Ah\u015fap, mod\u00fcler standlar, fiyatlar\u0131 ve profesyonel mimarl\u0131k hizmetleri hakk\u0131nda rehber.","robots":{"index":"index","follow":"follow","max-snippet":"max-snippet:-1","max-image-preview":"max-image-preview:large","max-video-preview":"max-video-preview:-1"},"canonical":"https:\/\/www.indesignmimarlik.com\/fuar-standi-kiralama-sureci-rehberi\/","og_locale":"en_US","og_type":"article","og_title":"Fuar Stand\u0131 Kiralama S\u00fcreci | Profesyonel Fuar Stand\u0131 \u00c7\u00f6z\u00fcmleri - [:tr]InDesign Mimarl\u0131k[:en]InDesign Architecture[:]","og_description":"Fuar stand\u0131 kiralama s\u00fcrecini A'dan Z'ye \u00f6\u011frenin. Ah\u015fap, mod\u00fcler standlar, fiyatlar\u0131 ve profesyonel mimarl\u0131k hizmetleri hakk\u0131nda rehber.","og_url":"https:\/\/www.indesignmimarlik.com\/fuar-standi-kiralama-sureci-rehberi\/","og_site_name":"[:tr]InDesign Mimarl\u0131k[:en]InDesign Architecture[:]","article_publisher":"https:\/\/www.facebook.com\/INDESIGNMIMARLIK\/","article_published_time":"2026-04-07T06:07:50+00:00","og_image":[{"width":1280,"height":720,"url":"https:\/\/www.indesignmimarlik.com\/wp-content\/uploads\/2026\/04\/indesign-mimarlik-og-image.jpg","type":"image\/jpeg"}],"author":"admin","twitter_card":"summary_large_image","twitter_misc":{"Written by":"admin","Est. reading time":"7 minutes"},"schema":{"@context":"https:\/\/schema.org","@graph":[{"@type":"Article","@id":"https:\/\/www.indesignmimarlik.com\/fuar-standi-kiralama-sureci-rehberi\/#article","isPartOf":{"@id":"https:\/\/www.indesignmimarlik.com\/fuar-standi-kiralama-sureci-rehberi\/"},"author":{"name":"admin","@id":"https:\/\/www.indesignmimarlik.com\/#\/schema\/person\/51561a858ae73ac56b7545d8e81c0ab1"},"headline":"Fuar Stand\u0131 Kiralama S\u00fcreci | Profesyonel Fuar Stand\u0131 \u00c7\u00f6z\u00fcmleri","datePublished":"2026-04-07T06:07:50+00:00","mainEntityOfPage":{"@id":"https:\/\/www.indesignmimarlik.com\/fuar-standi-kiralama-sureci-rehberi\/"},"wordCount":1225,"publisher":{"@id":"https:\/\/www.indesignmimarlik.com\/#organization"},"keywords":["ah\u015fap fuar stand\u0131","ankara fuar stand\u0131","cnr expo fuar stand\u0131","fuar mimarl\u0131k","fuar stand firmalar\u0131","fuar stand \u00fcretimi","fuar stand\u0131","fuar stand\u0131 fiyatlar\u0131","fuar stand\u0131 kiralama","fuar stand\u0131 tasar\u0131m\u0131","istanbul fuar stand\u0131","izmir fuar stand\u0131","mod\u00fcler fuar stand\u0131","t\u00fcyap fuar stand\u0131"],"articleSection":["Genel"],"inLanguage":"en-US"},{"@type":"WebPage","@id":"https:\/\/www.indesignmimarlik.com\/fuar-standi-kiralama-sureci-rehberi\/","url":"https:\/\/www.indesignmimarlik.com\/fuar-standi-kiralama-sureci-rehberi\/","name":"Fuar Stand\u0131 Kiralama S\u00fcreci | Profesyonel Fuar Stand\u0131 \u00c7\u00f6z\u00fcmleri - [:tr]InDesign Mimarl\u0131k[:en]InDesign Architecture[:]","isPartOf":{"@id":"https:\/\/www.indesignmimarlik.com\/#website"},"datePublished":"2026-04-07T06:07:50+00:00","description":"Fuar stand\u0131 kiralama s\u00fcrecini A'dan Z'ye \u00f6\u011frenin. Ah\u015fap, mod\u00fcler standlar, fiyatlar\u0131 ve profesyonel mimarl\u0131k hizmetleri hakk\u0131nda rehber.","breadcrumb":{"@id":"https:\/\/www.indesignmimarlik.com\/fuar-standi-kiralama-sureci-rehberi\/#breadcrumb"},"inLanguage":"en-US","potentialAction":[{"@type":"ReadAction","target":["https:\/\/www.indesignmimarlik.com\/fuar-standi-kiralama-sureci-rehberi\/"]}]},{"@type":"BreadcrumbList","@id":"https:\/\/www.indesignmimarlik.com\/fuar-standi-kiralama-sureci-rehberi\/#breadcrumb","itemListElement":[{"@type":"ListItem","position":1,"name":"Anasayfa","item":"https:\/\/www.indesignmimarlik.com\/"},{"@type":"ListItem","position":2,"name":"Fuar Stand\u0131 Kiralama S\u00fcreci | Profesyonel Fuar Stand\u0131 \u00c7\u00f6z\u00fcmleri"}]},{"@type":"WebSite","@id":"https:\/\/www.indesignmimarlik.com\/#website","url":"https:\/\/www.indesignmimarlik.com\/","name":"InDesign Mimarl\u0131k","description":"Fuar Stand firmalar\u0131 | Fuar Stand fiyatlar\u0131 |  Fuar Stand\u0131 Yapan firmalar istanbul | Fuar Stand Tasar\u0131mlar\u0131 | Fuar Stand\u0131 kiralama | Mod\u00fcler Fuar stand\u0131 | Stand \u00fcretimi yapan firmalar","publisher":{"@id":"https:\/\/www.indesignmimarlik.com\/#organization"},"potentialAction":[{"@type":"SearchAction","target":{"@type":"EntryPoint","urlTemplate":"https:\/\/www.indesignmimarlik.com\/?s={search_term_string}"},"query-input":{"@type":"PropertyValueSpecification","valueRequired":true,"valueName":"search_term_string"}}],"inLanguage":"en-US"},{"@type":"Organization","@id":"https:\/\/www.indesignmimarlik.com\/#organization","name":"InDesign Mimarl\u0131k","url":"https:\/\/www.indesignmimarlik.com\/","logo":{"@type":"ImageObject","inLanguage":"en-US","@id":"https:\/\/www.indesignmimarlik.com\/#\/schema\/logo\/image\/","url":"https:\/\/www.indesignmimarlik.com\/wp-content\/uploads\/2020\/06\/indesign-mimarlik-logo221120112-SON.png","contentUrl":"https:\/\/www.indesignmimarlik.com\/wp-content\/uploads\/2020\/06\/indesign-mimarlik-logo221120112-SON.png","width":300,"height":91,"caption":"InDesign Mimarl\u0131k"},"image":{"@id":"https:\/\/www.indesignmimarlik.com\/#\/schema\/logo\/image\/"},"sameAs":["https:\/\/www.facebook.com\/INDESIGNMIMARLIK\/"]},{"@type":"Person","@id":"https:\/\/www.indesignmimarlik.com\/#\/schema\/person\/51561a858ae73ac56b7545d8e81c0ab1","name":"admin","image":{"@type":"ImageObject","inLanguage":"en-US","@id":"https:\/\/secure.gravatar.com\/avatar\/edfc38b7686be42955dc183a47d17d1ed95653d8f39336c679260b941f8809b8?s=96&d=mm&r=g","url":"https:\/\/secure.gravatar.com\/avatar\/edfc38b7686be42955dc183a47d17d1ed95653d8f39336c679260b941f8809b8?s=96&d=mm&r=g","contentUrl":"https:\/\/secure.gravatar.com\/avatar\/edfc38b7686be42955dc183a47d17d1ed95653d8f39336c679260b941f8809b8?s=96&d=mm&r=g","caption":"admin"},"url":"https:\/\/www.indesignmimarlik.com\/en\/author\/adapod\/"}]}},"_links":{"self":[{"href":"https:\/\/www.indesignmimarlik.com\/en\/wp-json\/wp\/v2\/posts\/5581","targetHints":{"allow":["GET"]}}],"collection":[{"href":"https:\/\/www.indesignmimarlik.com\/en\/wp-json\/wp\/v2\/posts"}],"about":[{"href":"https:\/\/www.indesignmimarlik.com\/en\/wp-json\/wp\/v2\/types\/post"}],"author":[{"embeddable":true,"href":"https:\/\/www.indesignmimarlik.com\/en\/wp-json\/wp\/v2\/users\/1"}],"replies":[{"embeddable":true,"href":"https:\/\/www.indesignmimarlik.com\/en\/wp-json\/wp\/v2\/comments?post=5581"}],"version-history":[{"count":1,"href":"https:\/\/www.indesignmimarlik.com\/en\/wp-json\/wp\/v2\/posts\/5581\/revisions"}],"predecessor-version":[{"id":5582,"href":"https:\/\/www.indesignmimarlik.com\/en\/wp-json\/wp\/v2\/posts\/5581\/revisions\/5582"}],"wp:attachment":[{"href":"https:\/\/www.indesignmimarlik.com\/en\/wp-json\/wp\/v2\/media?parent=5581"}],"wp:term":[{"taxonomy":"category","embeddable":true,"href":"https:\/\/www.indesignmimarlik.com\/en\/wp-json\/wp\/v2\/categories?post=5581"},{"taxonomy":"post_tag","embeddable":true,"href":"https:\/\/www.indesignmimarlik.com\/en\/wp-json\/wp\/v2\/tags?post=5581"}],"curies":[{"name":"wp","href":"https:\/\/api.w.org\/{rel}","templated":true}]}}