{"id":5583,"date":"2026-04-07T09:08:06","date_gmt":"2026-04-07T06:08:06","guid":{"rendered":"https:\/\/www.indesignmimarlik.com\/fuar-standi-tasarimi-uygulamalari\/"},"modified":"2026-04-07T09:08:06","modified_gmt":"2026-04-07T06:08:06","slug":"fuar-standi-tasarimi-uygulamalari","status":"publish","type":"post","link":"https:\/\/www.indesignmimarlik.com\/en\/fuar-standi-tasarimi-uygulamalari\/","title":{"rendered":"Fuar Stand\u0131 Tasar\u0131m\u0131 Uygulamalar\u0131 | Profesyonel Fuar Stand\u0131 \u00c7\u00f6z\u00fcmleri"},"content":{"rendered":"<p>Fuar kat\u0131l\u0131mc\u0131lar\u0131 i\u00e7in <strong>fuar stand\u0131 tasar\u0131m\u0131 uygulamalar\u0131<\/strong>, markan\u0131n hedef kitleyle bulu\u015ftu\u011fu en kritik noktalardan biridir. Etkili bir fuar stand\u0131, sadece fiziksel bir alan olman\u0131n \u00f6tesinde, bir hikaye anlat\u0131r, marka de\u011ferini yans\u0131t\u0131r ve potansiyel m\u00fc\u015fterilerle derin ba\u011flar kurmay\u0131 sa\u011flar. Ba\u015far\u0131l\u0131 bir fuar deneyimi i\u00e7in, stand\u0131n\u0131z\u0131n hem estetik hem de fonksiyonel a\u00e7\u0131dan \u00f6ne \u00e7\u0131kmas\u0131 b\u00fcy\u00fck \u00f6nem ta\u015f\u0131r. Bu nedenle, <strong>fuar stand\u0131 tasar\u0131m\u0131<\/strong> s\u00fcrecine gereken \u00f6zenin g\u00f6sterilmesi, yat\u0131r\u0131m\u0131n\u0131z\u0131n geri d\u00f6n\u00fc\u015f\u00fcn\u00fc do\u011frudan etkileyecektir.<\/p>\n<h2>Fuar Stand\u0131 Se\u00e7erken Dikkat Edilmesi Gerekenler ile Fuar Stand\u0131 Tasar\u0131m\u0131 Uygulamalar\u0131<\/h2>\n<p>Fuar stand\u0131 se\u00e7imi, markan\u0131z\u0131n fuardaki y\u00fcz\u00fc olaca\u011f\u0131 i\u00e7in titizlikle ele al\u0131nmal\u0131d\u0131r. \u00d6ncelikle, hedef kitlenizin kim oldu\u011funu ve onlara ne t\u00fcr bir deneyim sunmak istedi\u011finizi belirlemelisiniz. Stand\u0131n boyutu, fuar alan\u0131ndaki konumu ve b\u00fct\u00e7eniz gibi unsurlar da bu se\u00e7imde rol oynar. <em>Fonksiyonellik<\/em> de en az estetik kadar \u00f6nemlidir; stand\u0131n\u0131z\u0131n \u00fcr\u00fcnlerinizi sergilemek, ziyaret\u00e7ilerle g\u00f6r\u00fc\u015fmek ve marka bilinirli\u011fini art\u0131rmak i\u00e7in uygun bir alan sunmas\u0131 gerekir. \u00d6rne\u011fin, yo\u011fun ziyaret\u00e7i ak\u0131\u015f\u0131 bekliyorsan\u0131z, geni\u015f ve ferah bir alan tasarlamak \u00f6nemlidir.<\/p>\n<p>Stand\u0131n <strong>fuar mimarl\u0131k<\/strong> prensiplerine uygun olmas\u0131, hem g\u00f6rsel b\u00fct\u00fcnl\u00fc\u011f\u00fc sa\u011flar hem de ziyaret\u00e7i ak\u0131\u015f\u0131n\u0131 optimize eder. Mekan k\u0131s\u0131tlamalar\u0131, ayd\u0131nlatma olanaklar\u0131 ve teknolojik entegrasyonlar gibi detaylar, tasar\u0131m a\u015famas\u0131nda g\u00f6z \u00f6n\u00fcnde bulundurulmal\u0131d\u0131r. Unutmay\u0131n, fuar stand\u0131, markan\u0131z\u0131n kimli\u011fini ve de\u011ferlerini yans\u0131tan bir <em>sahnede<\/em> yer almal\u0131d\u0131r.<\/p>\n<h2>Fuar Stand\u0131 T\u00fcrleri ve Fuar Stand\u0131 Tasar\u0131m\u0131 Uygulamalar\u0131<\/h2>\n<p>Piyasada bir\u00e7ok farkl\u0131 fuar stand\u0131 t\u00fcr\u00fc bulunmaktad\u0131r. En yayg\u0131n olanlardan baz\u0131lar\u0131 \u015funlard\u0131r:<\/p>\n<ul>\n<li><strong>Ah\u015fap Fuar Stand\u0131:<\/strong> Do\u011fal, s\u0131cak ve prestijli bir g\u00f6r\u00fcn\u00fcm sunar. Markan\u0131n de\u011ferine ve \u00fcr\u00fcnlerine g\u00f6re \u00f6zel olarak tasarlanabilir. Estetik a\u00e7\u0131dan zengin se\u00e7enekler sunar.<\/li>\n<li><strong>Mod\u00fcler Fuar Stand\u0131:<\/strong> H\u0131zl\u0131 kurulum ve s\u00f6k\u00fcm imkan\u0131 sunar. Farkl\u0131 fuarlarda tekrar kullan\u0131labilir ve esneklik sa\u011flar. Maliyet etkin bir \u00e7\u00f6z\u00fcm olabilir.<\/li>\n<li><strong>Kiral\u0131k Fuar Stand\u0131:<\/strong> Kendi stand\u0131n\u0131z\u0131 yapt\u0131rmak yerine, haz\u0131r bir stand\u0131 belirli bir s\u00fcre i\u00e7in kiralamakt\u0131r. \u00d6zellikle b\u00fct\u00e7e k\u0131s\u0131tlamas\u0131 olan firmalar i\u00e7in avantajl\u0131d\u0131r.<\/li>\n<li><strong>\u00d6zel Tasar\u0131m Fuarlar Stand\u0131:<\/strong> Markan\u0131n \u00f6zg\u00fcn kimli\u011fini ve ileti\u015fim hedeflerini en iyi \u015fekilde yans\u0131tmak i\u00e7in tamamen ki\u015fiye \u00f6zel olarak tasarlan\u0131r. Benzersiz bir marka deneyimi sunar.<\/li>\n<\/ul>\n<p>Her stand t\u00fcr\u00fcn\u00fcn kendine \u00f6zg\u00fc avantajlar\u0131 ve dezavantajlar\u0131 vard\u0131r. Se\u00e7im yaparken, markan\u0131z\u0131n hedefleri, fuar\u0131n niteli\u011fi ve b\u00fct\u00e7eniz g\u00f6z \u00f6n\u00fcnde bulundurulmal\u0131d\u0131r. \u00d6rne\u011fin, <strong>\u0130stanbul fuar stand\u0131<\/strong> \u00e7\u00f6z\u00fcmleri arayan bir firma, hem estetik hem de i\u015flevsellik a\u00e7\u0131s\u0131ndan en uygun se\u00e7ene\u011fi de\u011ferlendirmelidir.<\/p>\n<h2>Fiyatlar\u0131 Etkileyen Fakt\u00f6rler<\/h2>\n<p><strong>Fuar stand\u0131 fiyatlar\u0131<\/strong>, bir\u00e7ok farkl\u0131 fakt\u00f6re ba\u011fl\u0131 olarak de\u011fi\u015fiklik g\u00f6sterir. Stand\u0131n boyutu (metrekare), kullan\u0131lan malzemeler (\u00f6rne\u011fin, <strong>ah\u015fap fuar stand\u0131<\/strong> genellikle daha maliyetli olabilir), tasar\u0131m\u0131n karma\u015f\u0131kl\u0131\u011f\u0131, eklenen teknolojik \u00f6zellikler (ekranlar, interaktif sistemler), ayd\u0131nlatma \u00e7\u00f6z\u00fcmleri ve montaj-demontaj hizmetleri gibi unsurlar fiyatland\u0131rmada rol oynar. Ayr\u0131ca, fuar\u0131n d\u00fczenlendi\u011fi \u015fehir ve salon (\u00f6rne\u011fin, <strong>\u0130stanbul fuar stand\u0131<\/strong> talepleriyle \u00f6ne \u00e7\u0131kar) da lojistik maliyetleri etkileyebilir.<\/p>\n<p><em>Kiralama<\/em> se\u00e7ene\u011fi, genellikle \u00f6zel tasar\u0131m veya \u00fcretimden daha uygun maliyetli olabilir. Ancak, <strong>fuar stand\u0131 kiralama<\/strong> hizmetlerinde de stand\u0131n \u00f6zelliklerine ve s\u00fcresine g\u00f6re fiyatlar farkl\u0131l\u0131k g\u00f6sterir. Stand\u0131n\u0131z\u0131n daha dikkat \u00e7ekici ve ak\u0131lda kal\u0131c\u0131 olmas\u0131 i\u00e7in yap\u0131lan \u00f6zel tasar\u0131mlar ve kullan\u0131lan kaliteli malzemeler, maliyeti art\u0131rabilir ancak marka alg\u0131s\u0131 \u00fczerindeki olumlu etkisiyle bu yat\u0131r\u0131m kendini amorti edebilir.<\/p>\n<h3>\u0130lgili Yaz\u0131lar<\/h3>\n<ul>\n<li><a href=\"https:\/\/www.indesignmimarlik.com\/sektore-gore-fuar-standi-tasarimi-onerileri-insaat-mobilya-teknoloji-gida\/\">Sekt\u00f6re G\u00f6re Fuar Stand\u0131 Tasar\u0131m\u0131 \u00d6nerileri (\u0130n\u015faat, Mobilya, Teknoloji, G\u0131da)<\/a><\/li>\n<li><a href=\"https:\/\/www.indesignmimarlik.com\/fuar-standi-yaptirirken-asla-yapmamaniz-gereken-10-hata-2026-kritik-uyarilar\/\">Fuar Stand\u0131 Yapt\u0131r\u0131rken Asla Yapmaman\u0131z Gereken 10 Hata (2026 Kritik Uyar\u0131lar)<\/a><\/li>\n<li><a href=\"https:\/\/www.indesignmimarlik.com\/fuar-standi-tasariminda-rakip-analizi-nasil-yapilir-2026-strateji-rehberi\/\">Fuar Stand\u0131 Tasar\u0131m\u0131nda Rakip Analizi Nas\u0131l Yap\u0131l\u0131r? (2026 Strateji Rehberi)<\/a><\/li>\n<\/ul>\n<h2>Neden Profesyonel Fuar Mimarl\u0131k Hizmeti Almal\u0131s\u0131n\u0131z?<\/h2>\n<p>Profesyonel bir <strong>fuar mimarl\u0131k<\/strong> hizmeti almak, fuar stand\u0131n\u0131z\u0131n ba\u015far\u0131s\u0131 i\u00e7in kritik \u00f6neme sahiptir. Uzman mimarlar ve tasar\u0131mc\u0131lar, markan\u0131z\u0131n hedeflerini anlayarak, hedef kitlenizin dikkatini \u00e7ekecek, i\u015flevsel ve estetik a\u00e7\u0131dan kusursuz standlar tasarlar. Bu uzmanlar, fuar alan\u0131n\u0131n k\u0131s\u0131tlamalar\u0131n\u0131, malzeme bilgilerini ve g\u00fcncel trendleri en iyi \u015fekilde bilirler. Bu sayede, hem b\u00fct\u00e7enize uygun hem de markan\u0131z\u0131n kimli\u011fini en iyi \u015fekilde yans\u0131tan \u00e7\u00f6z\u00fcmler sunarlar.<\/p>\n<p>\u00d6rne\u011fin, <strong>fuar stand\u0131 tasar\u0131m\u0131<\/strong> s\u00fcrecinde, ziyaret\u00e7i trafi\u011fini optimize etmek, \u00fcr\u00fcnlerinizi en iyi \u015fekilde sergilemek ve markan\u0131zla ilgili olumlu bir izlenim b\u0131rakmak i\u00e7in profesyonel bir bak\u0131\u015f a\u00e7\u0131s\u0131 \u015fartt\u0131r. Bir <strong>fuar stand\u0131 firmas\u0131<\/strong> ile \u00e7al\u0131\u015fmak, tasar\u0131m, \u00fcretim, kurulum ve s\u00f6k\u00fcm gibi t\u00fcm s\u00fcre\u00e7leri sorunsuz bir \u015fekilde y\u00f6netmenizi sa\u011flar. Bu, sizin ana i\u015finize odaklanman\u0131za ve fuar kat\u0131l\u0131mlar\u0131n\u0131zdan maksimum verimi alman\u0131za olanak tan\u0131r.<\/p>\n<h2>Sonu\u00e7<\/h2>\n<p>Ba\u015far\u0131l\u0131 bir fuar kat\u0131l\u0131m\u0131, etkili bir <strong>fuar stand\u0131 tasar\u0131m\u0131<\/strong> ile ba\u015flar. Markan\u0131z\u0131n de\u011ferini, \u00fcr\u00fcnlerinizin \u00e7ekicili\u011fini ve profesyonelli\u011finizi en iyi \u015fekilde sergileyen bir stand, fuar\u0131n en kalabal\u0131k alanlar\u0131nda bile dikkat \u00e7ekmenizi sa\u011flar. <em>Ah\u015fap fuar stand\u0131<\/em> gibi \u00f6zel malzemelerle fark yaratabilir, <strong>mod\u00fcler fuar stand\u0131<\/strong> ile esnek \u00e7\u00f6z\u00fcmler \u00fcretebilir veya <strong>fuar stand\u0131 kiralama<\/strong> se\u00e7enekleriyle b\u00fct\u00e7enizi verimli kullanabilirsiniz. Unutmay\u0131n, fuar stand\u0131n\u0131z sadece bir yap\u0131 de\u011fil, ayn\u0131 zamanda markan\u0131z\u0131n en \u00f6nemli ileti\u015fim ara\u00e7lar\u0131ndan biridir. Markan\u0131z\u0131n hikayesini anlatan, ziyaret\u00e7ilerinize unutulmaz bir deneyim sunan bir stand i\u00e7in profesyonel destek almaktan \u00e7ekinmeyin.<\/p>\n<p>Markan\u0131z\u0131n fuarda parlamas\u0131 ve hedeflerinize ula\u015fman\u0131z i\u00e7in profesyonel bir <strong>fuar mimarl\u0131k<\/strong> ekibiyle \u00e7al\u0131\u015fmak, en ak\u0131ll\u0131ca yat\u0131r\u0131mlardan biridir. Stand\u0131n\u0131zla ilgili t\u00fcm ihtiya\u00e7lar\u0131n\u0131z i\u00e7in bizimle ileti\u015fime ge\u00e7erek, markan\u0131z i\u00e7in en uygun \u00e7\u00f6z\u00fcmleri ke\u015ffedin ve fuar ba\u015far\u0131n\u0131z\u0131 garantileyin!<\/p>\n","protected":false},"excerpt":{"rendered":"<p>Fuar stand\u0131 tasar\u0131m\u0131 uygulamalar\u0131 ile markan\u0131z\u0131n kimli\u011fini \u00f6n plana \u00e7\u0131kar\u0131n. Ah\u015fap, mod\u00fcler stand se\u00e7enekleri ve kiralama avantajlar\u0131&#8230; <\/p>\n","protected":false},"author":1,"featured_media":0,"comment_status":"closed","ping_status":"closed","sticky":false,"template":"","format":"standard","meta":{"footnotes":""},"categories":[1],"tags":[192,201,199,195,196,197,188,190,191,189,194,200,193,198],"class_list":["post-5583","post","type-post","status-publish","format-standard","hentry","category-genel","tag-ahsap-fuar-standi","tag-ankara-fuar-standi","tag-cnr-expo-fuar-standi","tag-fuar-mimarlik","tag-fuar-stand-firmalari","tag-fuar-stand-uretimi","tag-fuar-standi","tag-fuar-standi-fiyatlari","tag-fuar-standi-kiralama","tag-fuar-standi-tasarimi","tag-istanbul-fuar-standi","tag-izmir-fuar-standi","tag-moduler-fuar-standi","tag-tuyap-fuar-standi"],"yoast_head":"<!-- This site is optimized with the Yoast SEO plugin v27.3 - https:\/\/yoast.com\/product\/yoast-seo-wordpress\/ -->\n<title>Fuar Stand\u0131 Tasar\u0131m\u0131 Uygulamalar\u0131 | Profesyonel Fuar Stand\u0131 \u00c7\u00f6z\u00fcmleri - InDesign Architecture<\/title>\n<meta name=\"description\" content=\"Fuar stand\u0131 tasar\u0131m\u0131 uygulamalar\u0131 ile markan\u0131z\u0131n kimli\u011fini \u00f6n plana \u00e7\u0131kar\u0131n. Ah\u015fap, mod\u00fcler stand se\u00e7enekleri ve kiralama avantajlar\u0131...\" \/>\n<meta name=\"robots\" content=\"index, follow, max-snippet:-1, max-image-preview:large, max-video-preview:-1\" \/>\n<link rel=\"canonical\" href=\"https:\/\/www.indesignmimarlik.com\/fuar-standi-tasarimi-uygulamalari\/\" \/>\n<meta property=\"og:locale\" content=\"en_US\" \/>\n<meta property=\"og:type\" content=\"article\" \/>\n<meta property=\"og:title\" content=\"Fuar Stand\u0131 Tasar\u0131m\u0131 Uygulamalar\u0131 | Profesyonel Fuar Stand\u0131 \u00c7\u00f6z\u00fcmleri - [:tr]InDesign Mimarl\u0131k[:en]InDesign Architecture[:]\" \/>\n<meta property=\"og:description\" content=\"Fuar stand\u0131 tasar\u0131m\u0131 uygulamalar\u0131 ile markan\u0131z\u0131n kimli\u011fini \u00f6n plana \u00e7\u0131kar\u0131n. Ah\u015fap, mod\u00fcler stand se\u00e7enekleri ve kiralama avantajlar\u0131...\" \/>\n<meta property=\"og:url\" content=\"https:\/\/www.indesignmimarlik.com\/fuar-standi-tasarimi-uygulamalari\/\" \/>\n<meta property=\"og:site_name\" content=\"[:tr]InDesign Mimarl\u0131k[:en]InDesign Architecture[:]\" \/>\n<meta property=\"article:publisher\" content=\"https:\/\/www.facebook.com\/INDESIGNMIMARLIK\/\" \/>\n<meta property=\"article:published_time\" content=\"2026-04-07T06:08:06+00:00\" \/>\n<meta property=\"og:image\" content=\"https:\/\/www.indesignmimarlik.com\/wp-content\/uploads\/2026\/04\/indesign-mimarlik-og-image.jpg\" \/>\n\t<meta property=\"og:image:width\" content=\"1280\" \/>\n\t<meta property=\"og:image:height\" content=\"720\" \/>\n\t<meta property=\"og:image:type\" content=\"image\/jpeg\" \/>\n<meta name=\"author\" content=\"admin\" \/>\n<meta name=\"twitter:card\" content=\"summary_large_image\" \/>\n<meta name=\"twitter:label1\" content=\"Written by\" \/>\n\t<meta name=\"twitter:data1\" content=\"admin\" \/>\n\t<meta name=\"twitter:label2\" content=\"Est. reading time\" \/>\n\t<meta name=\"twitter:data2\" content=\"6 minutes\" \/>\n<script type=\"application\/ld+json\" class=\"yoast-schema-graph\">{\"@context\":\"https:\\\/\\\/schema.org\",\"@graph\":[{\"@type\":\"Article\",\"@id\":\"https:\\\/\\\/www.indesignmimarlik.com\\\/fuar-standi-tasarimi-uygulamalari\\\/#article\",\"isPartOf\":{\"@id\":\"https:\\\/\\\/www.indesignmimarlik.com\\\/fuar-standi-tasarimi-uygulamalari\\\/\"},\"author\":{\"name\":\"admin\",\"@id\":\"https:\\\/\\\/www.indesignmimarlik.com\\\/#\\\/schema\\\/person\\\/51561a858ae73ac56b7545d8e81c0ab1\"},\"headline\":\"Fuar Stand\u0131 Tasar\u0131m\u0131 Uygulamalar\u0131 | Profesyonel Fuar Stand\u0131 \u00c7\u00f6z\u00fcmleri\",\"datePublished\":\"2026-04-07T06:08:06+00:00\",\"mainEntityOfPage\":{\"@id\":\"https:\\\/\\\/www.indesignmimarlik.com\\\/fuar-standi-tasarimi-uygulamalari\\\/\"},\"wordCount\":1092,\"publisher\":{\"@id\":\"https:\\\/\\\/www.indesignmimarlik.com\\\/#organization\"},\"keywords\":[\"ah\u015fap fuar stand\u0131\",\"ankara fuar stand\u0131\",\"cnr expo fuar stand\u0131\",\"fuar mimarl\u0131k\",\"fuar stand firmalar\u0131\",\"fuar stand \u00fcretimi\",\"fuar stand\u0131\",\"fuar stand\u0131 fiyatlar\u0131\",\"fuar stand\u0131 kiralama\",\"fuar stand\u0131 tasar\u0131m\u0131\",\"istanbul fuar stand\u0131\",\"izmir fuar stand\u0131\",\"mod\u00fcler fuar stand\u0131\",\"t\u00fcyap fuar stand\u0131\"],\"articleSection\":[\"Genel\"],\"inLanguage\":\"en-US\"},{\"@type\":\"WebPage\",\"@id\":\"https:\\\/\\\/www.indesignmimarlik.com\\\/fuar-standi-tasarimi-uygulamalari\\\/\",\"url\":\"https:\\\/\\\/www.indesignmimarlik.com\\\/fuar-standi-tasarimi-uygulamalari\\\/\",\"name\":\"Fuar Stand\u0131 Tasar\u0131m\u0131 Uygulamalar\u0131 | Profesyonel Fuar Stand\u0131 \u00c7\u00f6z\u00fcmleri - [:tr]InDesign Mimarl\u0131k[:en]InDesign Architecture[:]\",\"isPartOf\":{\"@id\":\"https:\\\/\\\/www.indesignmimarlik.com\\\/#website\"},\"datePublished\":\"2026-04-07T06:08:06+00:00\",\"description\":\"Fuar stand\u0131 tasar\u0131m\u0131 uygulamalar\u0131 ile markan\u0131z\u0131n kimli\u011fini \u00f6n plana \u00e7\u0131kar\u0131n. Ah\u015fap, mod\u00fcler stand se\u00e7enekleri ve kiralama avantajlar\u0131...\",\"breadcrumb\":{\"@id\":\"https:\\\/\\\/www.indesignmimarlik.com\\\/fuar-standi-tasarimi-uygulamalari\\\/#breadcrumb\"},\"inLanguage\":\"en-US\",\"potentialAction\":[{\"@type\":\"ReadAction\",\"target\":[\"https:\\\/\\\/www.indesignmimarlik.com\\\/fuar-standi-tasarimi-uygulamalari\\\/\"]}]},{\"@type\":\"BreadcrumbList\",\"@id\":\"https:\\\/\\\/www.indesignmimarlik.com\\\/fuar-standi-tasarimi-uygulamalari\\\/#breadcrumb\",\"itemListElement\":[{\"@type\":\"ListItem\",\"position\":1,\"name\":\"Anasayfa\",\"item\":\"https:\\\/\\\/www.indesignmimarlik.com\\\/\"},{\"@type\":\"ListItem\",\"position\":2,\"name\":\"Fuar Stand\u0131 Tasar\u0131m\u0131 Uygulamalar\u0131 | Profesyonel Fuar Stand\u0131 \u00c7\u00f6z\u00fcmleri\"}]},{\"@type\":\"WebSite\",\"@id\":\"https:\\\/\\\/www.indesignmimarlik.com\\\/#website\",\"url\":\"https:\\\/\\\/www.indesignmimarlik.com\\\/\",\"name\":\"InDesign Mimarl\u0131k\",\"description\":\"Fuar Stand firmalar\u0131 | Fuar Stand fiyatlar\u0131 |  Fuar Stand\u0131 Yapan firmalar istanbul | Fuar Stand Tasar\u0131mlar\u0131 | Fuar Stand\u0131 kiralama | Mod\u00fcler Fuar stand\u0131 | Stand \u00fcretimi yapan firmalar\",\"publisher\":{\"@id\":\"https:\\\/\\\/www.indesignmimarlik.com\\\/#organization\"},\"potentialAction\":[{\"@type\":\"SearchAction\",\"target\":{\"@type\":\"EntryPoint\",\"urlTemplate\":\"https:\\\/\\\/www.indesignmimarlik.com\\\/?s={search_term_string}\"},\"query-input\":{\"@type\":\"PropertyValueSpecification\",\"valueRequired\":true,\"valueName\":\"search_term_string\"}}],\"inLanguage\":\"en-US\"},{\"@type\":\"Organization\",\"@id\":\"https:\\\/\\\/www.indesignmimarlik.com\\\/#organization\",\"name\":\"InDesign Mimarl\u0131k\",\"url\":\"https:\\\/\\\/www.indesignmimarlik.com\\\/\",\"logo\":{\"@type\":\"ImageObject\",\"inLanguage\":\"en-US\",\"@id\":\"https:\\\/\\\/www.indesignmimarlik.com\\\/#\\\/schema\\\/logo\\\/image\\\/\",\"url\":\"https:\\\/\\\/www.indesignmimarlik.com\\\/wp-content\\\/uploads\\\/2020\\\/06\\\/indesign-mimarlik-logo221120112-SON.png\",\"contentUrl\":\"https:\\\/\\\/www.indesignmimarlik.com\\\/wp-content\\\/uploads\\\/2020\\\/06\\\/indesign-mimarlik-logo221120112-SON.png\",\"width\":300,\"height\":91,\"caption\":\"InDesign Mimarl\u0131k\"},\"image\":{\"@id\":\"https:\\\/\\\/www.indesignmimarlik.com\\\/#\\\/schema\\\/logo\\\/image\\\/\"},\"sameAs\":[\"https:\\\/\\\/www.facebook.com\\\/INDESIGNMIMARLIK\\\/\"]},{\"@type\":\"Person\",\"@id\":\"https:\\\/\\\/www.indesignmimarlik.com\\\/#\\\/schema\\\/person\\\/51561a858ae73ac56b7545d8e81c0ab1\",\"name\":\"admin\",\"image\":{\"@type\":\"ImageObject\",\"inLanguage\":\"en-US\",\"@id\":\"https:\\\/\\\/secure.gravatar.com\\\/avatar\\\/edfc38b7686be42955dc183a47d17d1ed95653d8f39336c679260b941f8809b8?s=96&d=mm&r=g\",\"url\":\"https:\\\/\\\/secure.gravatar.com\\\/avatar\\\/edfc38b7686be42955dc183a47d17d1ed95653d8f39336c679260b941f8809b8?s=96&d=mm&r=g\",\"contentUrl\":\"https:\\\/\\\/secure.gravatar.com\\\/avatar\\\/edfc38b7686be42955dc183a47d17d1ed95653d8f39336c679260b941f8809b8?s=96&d=mm&r=g\",\"caption\":\"admin\"},\"url\":\"https:\\\/\\\/www.indesignmimarlik.com\\\/en\\\/author\\\/adapod\\\/\"}]}<\/script>\n<!-- \/ Yoast SEO plugin. -->","yoast_head_json":{"title":"Fuar Stand\u0131 Tasar\u0131m\u0131 Uygulamalar\u0131 | Profesyonel Fuar Stand\u0131 \u00c7\u00f6z\u00fcmleri - [:tr]InDesign Mimarl\u0131k[:en]InDesign Architecture[:]","description":"Fuar stand\u0131 tasar\u0131m\u0131 uygulamalar\u0131 ile markan\u0131z\u0131n kimli\u011fini \u00f6n plana \u00e7\u0131kar\u0131n. Ah\u015fap, mod\u00fcler stand se\u00e7enekleri ve kiralama avantajlar\u0131...","robots":{"index":"index","follow":"follow","max-snippet":"max-snippet:-1","max-image-preview":"max-image-preview:large","max-video-preview":"max-video-preview:-1"},"canonical":"https:\/\/www.indesignmimarlik.com\/fuar-standi-tasarimi-uygulamalari\/","og_locale":"en_US","og_type":"article","og_title":"Fuar Stand\u0131 Tasar\u0131m\u0131 Uygulamalar\u0131 | Profesyonel Fuar Stand\u0131 \u00c7\u00f6z\u00fcmleri - [:tr]InDesign Mimarl\u0131k[:en]InDesign Architecture[:]","og_description":"Fuar stand\u0131 tasar\u0131m\u0131 uygulamalar\u0131 ile markan\u0131z\u0131n kimli\u011fini \u00f6n plana \u00e7\u0131kar\u0131n. Ah\u015fap, mod\u00fcler stand se\u00e7enekleri ve kiralama avantajlar\u0131...","og_url":"https:\/\/www.indesignmimarlik.com\/fuar-standi-tasarimi-uygulamalari\/","og_site_name":"[:tr]InDesign Mimarl\u0131k[:en]InDesign Architecture[:]","article_publisher":"https:\/\/www.facebook.com\/INDESIGNMIMARLIK\/","article_published_time":"2026-04-07T06:08:06+00:00","og_image":[{"width":1280,"height":720,"url":"https:\/\/www.indesignmimarlik.com\/wp-content\/uploads\/2026\/04\/indesign-mimarlik-og-image.jpg","type":"image\/jpeg"}],"author":"admin","twitter_card":"summary_large_image","twitter_misc":{"Written by":"admin","Est. reading time":"6 minutes"},"schema":{"@context":"https:\/\/schema.org","@graph":[{"@type":"Article","@id":"https:\/\/www.indesignmimarlik.com\/fuar-standi-tasarimi-uygulamalari\/#article","isPartOf":{"@id":"https:\/\/www.indesignmimarlik.com\/fuar-standi-tasarimi-uygulamalari\/"},"author":{"name":"admin","@id":"https:\/\/www.indesignmimarlik.com\/#\/schema\/person\/51561a858ae73ac56b7545d8e81c0ab1"},"headline":"Fuar Stand\u0131 Tasar\u0131m\u0131 Uygulamalar\u0131 | Profesyonel Fuar Stand\u0131 \u00c7\u00f6z\u00fcmleri","datePublished":"2026-04-07T06:08:06+00:00","mainEntityOfPage":{"@id":"https:\/\/www.indesignmimarlik.com\/fuar-standi-tasarimi-uygulamalari\/"},"wordCount":1092,"publisher":{"@id":"https:\/\/www.indesignmimarlik.com\/#organization"},"keywords":["ah\u015fap fuar stand\u0131","ankara fuar stand\u0131","cnr expo fuar stand\u0131","fuar mimarl\u0131k","fuar stand firmalar\u0131","fuar stand \u00fcretimi","fuar stand\u0131","fuar stand\u0131 fiyatlar\u0131","fuar stand\u0131 kiralama","fuar stand\u0131 tasar\u0131m\u0131","istanbul fuar stand\u0131","izmir fuar stand\u0131","mod\u00fcler fuar stand\u0131","t\u00fcyap fuar stand\u0131"],"articleSection":["Genel"],"inLanguage":"en-US"},{"@type":"WebPage","@id":"https:\/\/www.indesignmimarlik.com\/fuar-standi-tasarimi-uygulamalari\/","url":"https:\/\/www.indesignmimarlik.com\/fuar-standi-tasarimi-uygulamalari\/","name":"Fuar Stand\u0131 Tasar\u0131m\u0131 Uygulamalar\u0131 | Profesyonel Fuar Stand\u0131 \u00c7\u00f6z\u00fcmleri - [:tr]InDesign Mimarl\u0131k[:en]InDesign Architecture[:]","isPartOf":{"@id":"https:\/\/www.indesignmimarlik.com\/#website"},"datePublished":"2026-04-07T06:08:06+00:00","description":"Fuar stand\u0131 tasar\u0131m\u0131 uygulamalar\u0131 ile markan\u0131z\u0131n kimli\u011fini \u00f6n plana \u00e7\u0131kar\u0131n. Ah\u015fap, mod\u00fcler stand se\u00e7enekleri ve kiralama avantajlar\u0131...","breadcrumb":{"@id":"https:\/\/www.indesignmimarlik.com\/fuar-standi-tasarimi-uygulamalari\/#breadcrumb"},"inLanguage":"en-US","potentialAction":[{"@type":"ReadAction","target":["https:\/\/www.indesignmimarlik.com\/fuar-standi-tasarimi-uygulamalari\/"]}]},{"@type":"BreadcrumbList","@id":"https:\/\/www.indesignmimarlik.com\/fuar-standi-tasarimi-uygulamalari\/#breadcrumb","itemListElement":[{"@type":"ListItem","position":1,"name":"Anasayfa","item":"https:\/\/www.indesignmimarlik.com\/"},{"@type":"ListItem","position":2,"name":"Fuar Stand\u0131 Tasar\u0131m\u0131 Uygulamalar\u0131 | Profesyonel Fuar Stand\u0131 \u00c7\u00f6z\u00fcmleri"}]},{"@type":"WebSite","@id":"https:\/\/www.indesignmimarlik.com\/#website","url":"https:\/\/www.indesignmimarlik.com\/","name":"InDesign Mimarl\u0131k","description":"Fuar Stand firmalar\u0131 | Fuar Stand fiyatlar\u0131 |  Fuar Stand\u0131 Yapan firmalar istanbul | Fuar Stand Tasar\u0131mlar\u0131 | Fuar Stand\u0131 kiralama | Mod\u00fcler Fuar stand\u0131 | Stand \u00fcretimi yapan firmalar","publisher":{"@id":"https:\/\/www.indesignmimarlik.com\/#organization"},"potentialAction":[{"@type":"SearchAction","target":{"@type":"EntryPoint","urlTemplate":"https:\/\/www.indesignmimarlik.com\/?s={search_term_string}"},"query-input":{"@type":"PropertyValueSpecification","valueRequired":true,"valueName":"search_term_string"}}],"inLanguage":"en-US"},{"@type":"Organization","@id":"https:\/\/www.indesignmimarlik.com\/#organization","name":"InDesign Mimarl\u0131k","url":"https:\/\/www.indesignmimarlik.com\/","logo":{"@type":"ImageObject","inLanguage":"en-US","@id":"https:\/\/www.indesignmimarlik.com\/#\/schema\/logo\/image\/","url":"https:\/\/www.indesignmimarlik.com\/wp-content\/uploads\/2020\/06\/indesign-mimarlik-logo221120112-SON.png","contentUrl":"https:\/\/www.indesignmimarlik.com\/wp-content\/uploads\/2020\/06\/indesign-mimarlik-logo221120112-SON.png","width":300,"height":91,"caption":"InDesign Mimarl\u0131k"},"image":{"@id":"https:\/\/www.indesignmimarlik.com\/#\/schema\/logo\/image\/"},"sameAs":["https:\/\/www.facebook.com\/INDESIGNMIMARLIK\/"]},{"@type":"Person","@id":"https:\/\/www.indesignmimarlik.com\/#\/schema\/person\/51561a858ae73ac56b7545d8e81c0ab1","name":"admin","image":{"@type":"ImageObject","inLanguage":"en-US","@id":"https:\/\/secure.gravatar.com\/avatar\/edfc38b7686be42955dc183a47d17d1ed95653d8f39336c679260b941f8809b8?s=96&d=mm&r=g","url":"https:\/\/secure.gravatar.com\/avatar\/edfc38b7686be42955dc183a47d17d1ed95653d8f39336c679260b941f8809b8?s=96&d=mm&r=g","contentUrl":"https:\/\/secure.gravatar.com\/avatar\/edfc38b7686be42955dc183a47d17d1ed95653d8f39336c679260b941f8809b8?s=96&d=mm&r=g","caption":"admin"},"url":"https:\/\/www.indesignmimarlik.com\/en\/author\/adapod\/"}]}},"_links":{"self":[{"href":"https:\/\/www.indesignmimarlik.com\/en\/wp-json\/wp\/v2\/posts\/5583","targetHints":{"allow":["GET"]}}],"collection":[{"href":"https:\/\/www.indesignmimarlik.com\/en\/wp-json\/wp\/v2\/posts"}],"about":[{"href":"https:\/\/www.indesignmimarlik.com\/en\/wp-json\/wp\/v2\/types\/post"}],"author":[{"embeddable":true,"href":"https:\/\/www.indesignmimarlik.com\/en\/wp-json\/wp\/v2\/users\/1"}],"replies":[{"embeddable":true,"href":"https:\/\/www.indesignmimarlik.com\/en\/wp-json\/wp\/v2\/comments?post=5583"}],"version-history":[{"count":1,"href":"https:\/\/www.indesignmimarlik.com\/en\/wp-json\/wp\/v2\/posts\/5583\/revisions"}],"predecessor-version":[{"id":5584,"href":"https:\/\/www.indesignmimarlik.com\/en\/wp-json\/wp\/v2\/posts\/5583\/revisions\/5584"}],"wp:attachment":[{"href":"https:\/\/www.indesignmimarlik.com\/en\/wp-json\/wp\/v2\/media?parent=5583"}],"wp:term":[{"taxonomy":"category","embeddable":true,"href":"https:\/\/www.indesignmimarlik.com\/en\/wp-json\/wp\/v2\/categories?post=5583"},{"taxonomy":"post_tag","embeddable":true,"href":"https:\/\/www.indesignmimarlik.com\/en\/wp-json\/wp\/v2\/tags?post=5583"}],"curies":[{"name":"wp","href":"https:\/\/api.w.org\/{rel}","templated":true}]}}