{"id":5589,"date":"2026-04-08T09:12:35","date_gmt":"2026-04-08T06:12:35","guid":{"rendered":"https:\/\/www.indesignmimarlik.com\/fuar-standi-fiyatlari-rehberi\/"},"modified":"2026-04-08T09:12:35","modified_gmt":"2026-04-08T06:12:35","slug":"fuar-standi-fiyatlari-rehberi","status":"publish","type":"post","link":"https:\/\/www.indesignmimarlik.com\/en\/fuar-standi-fiyatlari-rehberi\/","title":{"rendered":"Fuar Stand\u0131 Fiyatlar\u0131 | Profesyonel Fuar Stand\u0131 \u00c7\u00f6z\u00fcmleri"},"content":{"rendered":"<p>Fuar kat\u0131l\u0131mc\u0131lar\u0131 i\u00e7in <strong>fuar stand\u0131 fiyatlar\u0131<\/strong>, b\u00fct\u00e7e planlamas\u0131n\u0131n en kritik unsurlar\u0131ndan biridir. Sadece bir alan kiralamak de\u011fil, ayn\u0131 zamanda markan\u0131z\u0131n kimli\u011fini yans\u0131tan, hedef kitlenizle etkile\u015fim kurman\u0131z\u0131 sa\u011flayan ve sat\u0131\u015f potansiyelinizi art\u0131ran bir yat\u0131r\u0131m olarak g\u00f6r\u00fclmelidir. Bu nedenle, fuar stand\u0131 maliyetlerini do\u011fru anlamak ve b\u00fct\u00e7enizi en verimli \u015fekilde kullanmak b\u00fcy\u00fck \u00f6nem ta\u015f\u0131r. Profesyonel bir yakla\u015f\u0131m, hem maliyet etkinli\u011fini sa\u011flar hem de fuardan elde edece\u011finiz geri d\u00f6n\u00fc\u015f\u00fc maksimize eder.<\/p>\n<h2>Fuar Stand\u0131 Se\u00e7erken Dikkat Edilmesi Gerekenler<\/h2>\n<p>Bir fuarda ba\u015far\u0131l\u0131 olman\u0131n temel ta\u015flar\u0131ndan biri, hi\u00e7 \u015f\u00fcphesiz se\u00e7ti\u011finiz <strong>fuar stand\u0131<\/strong>d\u0131r. Stand\u0131n\u0131z, markan\u0131z\u0131n fuardaki fiziksel y\u00fcz\u00fcd\u00fcr ve ziyaret\u00e7ilerin sizinle kuraca\u011f\u0131 ilk etkile\u015fimi belirler. Bu nedenle, stand se\u00e7imi yaparken sadece estetik kayg\u0131lar de\u011fil, ayn\u0131 zamanda fonksiyonellik, marka kimli\u011fi ve hedef kitleye ula\u015fma stratejileri de g\u00f6z \u00f6n\u00fcnde bulundurulmal\u0131d\u0131r. Do\u011fru stand se\u00e7imi, fuar hedeflerinize ula\u015fman\u0131zda kritik bir rol oynar.<\/p>\n<p>\u00d6ncelikle fuar\u0131n amac\u0131n\u0131 ve hedef kitlenizi net bir \u015fekilde belirlemelisiniz. Stand\u0131n\u0131z\u0131n, hedef kitlenizin dikkatini \u00e7ekecek ve onlarla kolayca etkile\u015fim kurman\u0131z\u0131 sa\u011flayacak \u015fekilde tasarlanmas\u0131 gerekir. Bu noktada, stand\u0131n konumu, b\u00fcy\u00fckl\u00fc\u011f\u00fc ve d\u00fczeni gibi fakt\u00f6rler b\u00fcy\u00fck \u00f6nem ta\u015f\u0131r. \u00d6rne\u011fin, yo\u011fun bir fuar alan\u0131nda, kolayca fark edilecek ve ula\u015f\u0131labilir bir konumdaki stand, daha fazla ziyaret\u00e7i \u00e7ekecektir. Ayr\u0131ca, stand\u0131n\u0131z\u0131n i\u00e7 d\u00fczenlemesi, \u00fcr\u00fcnlerinizi sergileme bi\u00e7iminiz ve personelinizin ziyaret\u00e7ilerle nas\u0131l etkile\u015fim kuraca\u011f\u0131 da stand deneyiminin ayr\u0131lmaz par\u00e7alar\u0131d\u0131r.<\/p>\n<p>Malzeme se\u00e7imi de stand\u0131n hem g\u00f6r\u00fcn\u00fcm\u00fc hem de dayan\u0131kl\u0131l\u0131\u011f\u0131 a\u00e7\u0131s\u0131ndan \u00f6nemlidir. <em>Ah\u015fap fuar stand\u0131<\/em> modelleri, s\u0131cak ve do\u011fal bir atmosfer sunarak markan\u0131za prestij katabilir. \u00d6te yandan, <em>mod\u00fcler fuar stand\u0131<\/em> sistemleri, h\u0131zl\u0131 kurulum ve s\u00f6k\u00fcm imkan\u0131 sunarak esneklik sa\u011flar ve farkl\u0131 fuarlar i\u00e7in tekrar kullan\u0131labilirlik avantaj\u0131 sunar. Bu t\u00fcr kararlar, stand\u0131n genel maliyetini ve kullan\u0131m \u00f6mr\u00fcn\u00fc de do\u011frudan etkiler.<\/p>\n<h2>Fuar Stand\u0131 T\u00fcrleri ve \u00d6zellikleri<\/h2>\n<p>Fuar d\u00fcnyas\u0131nda kar\u015f\u0131m\u0131za \u00e7\u0131kan farkl\u0131 stand t\u00fcrleri, her firman\u0131n ihtiyac\u0131na ve b\u00fct\u00e7esine uygun \u00e7\u00f6z\u00fcmler sunar. Her birinin kendine \u00f6zg\u00fc avantajlar\u0131 ve dezavantajlar\u0131 bulunmaktad\u0131r. \u0130htiya\u00e7lar\u0131n\u0131za en uygun stand\u0131 belirlemek i\u00e7in bu \u00e7e\u015fitlili\u011fi iyi anlamak gerekir.<\/p>\n<ul>\n<li><strong>Ah\u015fap Fuar Stand\u0131:<\/strong> Genellikle \u00f6zel tasar\u0131m gerektiren, markan\u0131n kimli\u011fini en \u00fcst d\u00fczeyde yans\u0131tan, daha l\u00fcks ve kal\u0131c\u0131 bir izlenim b\u0131rakan standlard\u0131r. Ah\u015fap, estetik a\u00e7\u0131dan zengin ve s\u0131cak bir g\u00f6r\u00fcn\u00fcm sunar. \u00d6zellikle marka imaj\u0131n\u0131 g\u00fc\u00e7lendirmek isteyen firmalar i\u00e7in idealdir. <em>Ah\u015fap fuar stand\u0131<\/em> modelleri, \u00f6zg\u00fcn tasar\u0131mlar ve detay i\u015f\u00e7ilikleriyle \u00f6ne \u00e7\u0131kar.<\/li>\n<li><strong>Mod\u00fcler Fuar Stand\u0131:<\/strong> H\u0131zl\u0131 kurulum ve s\u00f6k\u00fcm imkan\u0131 sunan, defalarca farkl\u0131 fuarlarda kullan\u0131labilen pratik standlard\u0131r. Farkl\u0131 konfig\u00fcrasyonlara kolayca uyum sa\u011flayabilmesi, mod\u00fcler sistemleri ekonomik ve esnek bir \u00e7\u00f6z\u00fcm haline getirir. Bu t\u00fcr standlar, b\u00fct\u00e7esini optimize etmek isteyen ve s\u0131k fuara kat\u0131lan firmalar i\u00e7in avantajl\u0131d\u0131r.<\/li>\n<li><strong>Kiral\u0131k Fuar Stand\u0131:<\/strong> Belirli bir fuar s\u00fcresi i\u00e7in stand\u0131n kiralanmas\u0131d\u0131r. Bu se\u00e7enek, \u00f6zellikle ilk kez fuara kat\u0131lan veya stand yat\u0131r\u0131m\u0131 yapmak istemeyen firmalar i\u00e7in maliyet etkin bir \u00e7\u00f6z\u00fcm sunar. <em>Fuar stand\u0131 kiralama<\/em> hizmetleri, stand\u0131n kurulumu ve s\u00f6k\u00fcm\u00fcn\u00fc de kapsayabilir.<\/li>\n<li><strong>\u00d6zel Tasar\u0131m Fuar Stand\u0131:<\/strong> Markan\u0131n benzersiz kimli\u011fini ve ihtiya\u00e7lar\u0131n\u0131 tam olarak yans\u0131tmak amac\u0131yla, tamamen s\u0131f\u0131rdan tasarlanan ve \u00fcretilen standlard\u0131r. Bu t\u00fcr standlar, yarat\u0131c\u0131l\u0131\u011f\u0131n s\u0131n\u0131rlar\u0131n\u0131 zorlayarak markan\u0131n \u00f6ne \u00e7\u0131kmas\u0131n\u0131 sa\u011flar. <em>Fuar mimarl\u0131k<\/em> firmalar\u0131, bu t\u00fcr projelerde kilit rol oynar.<\/li>\n<\/ul>\n<h2>Fiyatlar\u0131 Etkileyen Fakt\u00f6rler<\/h2>\n<p><em>Fuar stand\u0131 fiyatlar\u0131<\/em>, bir\u00e7ok farkl\u0131 fakt\u00f6re ba\u011fl\u0131 olarak de\u011fi\u015fiklik g\u00f6sterir. Bu fakt\u00f6rleri anlamak, do\u011fru b\u00fct\u00e7eyi olu\u015fturman\u0131za ve s\u00fcrpriz maliyetlerle kar\u015f\u0131la\u015fmaman\u0131za yard\u0131mc\u0131 olur. Stand\u0131n boyutu, kullan\u0131lan malzeme, tasar\u0131m\u0131n karma\u015f\u0131kl\u0131\u011f\u0131 ve ek hizmetler gibi unsurlar fiyatland\u0131rmada belirleyici rol oynar.<\/p>\n<p>Stand\u0131n metrekaresi, \u015f\u00fcphesiz en temel maliyet kalemidir. Daha b\u00fcy\u00fck bir alan, do\u011fal olarak daha fazla malzeme ve i\u015f\u00e7ilik gerektirir. Kullan\u0131lan malzemeler de fiyat \u00fczerinde \u00f6nemli bir etkiye sahiptir. \u00d6rne\u011fin, \u00f6zel i\u015f\u00e7ilik gerektiren ve daha pahal\u0131 bir malzeme olan ah\u015fap, standart mod\u00fcler sistemlere g\u00f6re daha y\u00fcksek maliyetli olabilir. Tasar\u0131m\u0131n \u00f6zg\u00fcnl\u00fc\u011f\u00fc ve detay seviyesi de fiyat\u0131 do\u011frudan etkiler; karma\u015f\u0131k ve yenilik\u00e7i tasar\u0131mlar, daha fazla m\u00fchendislik ve \u00fcretim s\u00fcreci gerektirdi\u011fi i\u00e7in maliyeti art\u0131r\u0131r.<\/p>\n<p>Bunlar\u0131n yan\u0131 s\u0131ra, ayd\u0131nlatma, dijital ekranlar, mobilya kiralama, grafik bask\u0131lar ve kurulum-s\u00f6k\u00fcm gibi ek hizmetler de toplam <em>fuar stand\u0131 fiyatlar\u0131<\/em>n\u0131 \u015fekillendirir. \u00d6zellikle <strong>\u0130stanbul fuar stand\u0131<\/strong> projelerinde, lojistik ve i\u015f\u00e7ilik maliyetleri de dikkate al\u0131nmal\u0131d\u0131r. K\u0131sacas\u0131, \u015feffaf bir fiyatland\u0131rma s\u00fcreci i\u00e7in t\u00fcm bu detaylar\u0131n \u00f6nceden belirlenmesi b\u00fcy\u00fck \u00f6nem ta\u015f\u0131r.<\/p>\n<h3>\u0130lgili Yaz\u0131lar<\/h3>\n<ul>\n<li><a href=\"https:\/\/www.indesignmimarlik.com\/fuar-standi-personel-kiyafeti-ve-sunum-teknikleri-fuar-basarisini-artiran-profesyonel-detaylar\/\">Fuar Stand\u0131 Personel K\u0131yafeti ve Sunum Teknikleri: Fuar Ba\u015far\u0131s\u0131n\u0131 Art\u0131ran Profesyonel Detaylar<\/a><\/li>\n<li><a href=\"https:\/\/www.indesignmimarlik.com\/sektore-gore-fuar-standi-tasarimi-onerileri-insaat-mobilya-teknoloji-gida\/\">Sekt\u00f6re G\u00f6re Fuar Stand\u0131 Tasar\u0131m\u0131 \u00d6nerileri (\u0130n\u015faat, Mobilya, Teknoloji, G\u0131da)<\/a><\/li>\n<li><a href=\"https:\/\/www.indesignmimarlik.com\/fuar-standi-kiralama-sureci\/\">Fuar Stand\u0131 Kiralama S\u00fcreci | Profesyonel Fuar Stand\u0131 \u00c7\u00f6z\u00fcmleri<\/a><\/li>\n<\/ul>\n<h2>Neden Profesyonel Fuar Mimarl\u0131k Hizmeti Almal\u0131s\u0131n\u0131z?<\/h2>\n<p>Fuar stand\u0131 olu\u015fturmak, sadece bir alan kiralamaktan ve birka\u00e7 par\u00e7a mobilya yerle\u015ftirmekten \u00e7ok daha fazlas\u0131d\u0131r. Ba\u015far\u0131l\u0131 bir fuar deneyimi i\u00e7in profesyonel bir bak\u0131\u015f a\u00e7\u0131s\u0131 ve uzmanl\u0131k gereklidir. \u0130\u015fte bu noktada <strong>fuar mimarl\u0131k<\/strong> hizmetleri devreye girer.<\/p>\n<p>Bir <em>fuar mimarl\u0131k<\/em> firmas\u0131, markan\u0131z\u0131n kimli\u011fini en iyi \u015fekilde yans\u0131tacak, hedef kitlenizin dikkatini \u00e7ekecek ve fuar hedeflerinize ula\u015fman\u0131z\u0131 sa\u011flayacak stratejik tasar\u0131mlar geli\u015ftirir. Bu uzmanlar, hem estetik kayg\u0131lar\u0131 hem de fonksiyonel gereksinimleri g\u00f6z \u00f6n\u00fcnde bulundurarak en uygun \u00e7\u00f6z\u00fcmleri sunarlar. Mekan planlamas\u0131, malzeme se\u00e7imi, ayd\u0131nlatma, dijital entegrasyonlar ve marka mesaj\u0131n\u0131n etkili bir \u015fekilde iletilmesi gibi konularda profesyonel destek al\u0131rs\u0131n\u0131z. \u00d6zellikle b\u00fcy\u00fck \u00f6l\u00e7ekli veya karma\u015f\u0131k projelerde, <em>fuar mimarl\u0131k<\/em> firmalar\u0131n\u0131n deneyimi, s\u00fcrecin sorunsuz ilerlemesini sa\u011flar.<\/p>\n<p>Ayr\u0131ca, <strong>fuar stand\u0131 tasar\u0131m\u0131<\/strong> konusunda uzmanla\u015fm\u0131\u015f firmalar, g\u00fcncel trendleri takip eder ve markan\u0131z\u0131n rakiplerinden s\u0131yr\u0131larak \u00f6ne \u00e7\u0131kmas\u0131na yard\u0131mc\u0131 olur. Stand\u0131n\u0131z\u0131n sadece g\u00fczel g\u00f6r\u00fcnmesi de\u011fil, ayn\u0131 zamanda ziyaret\u00e7ilerle etkile\u015fim kurmas\u0131n\u0131 sa\u011flayacak ve potansiyel m\u00fc\u015fterilere d\u00f6n\u00fc\u015f\u00fcm\u00fcn\u00fc art\u0131racak \u015fekilde tasarlanmas\u0131 hedeflenir. Bu nedenle, profesyonel bir <em>fuar mimarl\u0131k<\/em> hizmeti almak, fuardan alaca\u011f\u0131n\u0131z verimi \u00f6nemli \u00f6l\u00e7\u00fcde art\u0131racakt\u0131r.<\/p>\n<h2>Sonu\u00e7<\/h2>\n<p>Fuar kat\u0131l\u0131mlar\u0131, markan\u0131z\u0131n bilinirli\u011fini art\u0131rmak, yeni m\u00fc\u015fterilerle tan\u0131\u015fmak ve sekt\u00f6rdeki yerinizi sa\u011flamla\u015ft\u0131rmak i\u00e7in e\u015fsiz f\u0131rsatlar sunar. Bu f\u0131rsatlar\u0131 en iyi \u015fekilde de\u011ferlendirmenin yolu ise etkili bir <strong>fuar stand\u0131<\/strong> olu\u015fturmaktan ge\u00e7er. <em>Fuar stand\u0131 fiyatlar\u0131<\/em>, stand t\u00fcrleri ve <em>fuar mimarl\u0131k<\/em> hizmetlerinin sundu\u011fu avantajlar\u0131 g\u00f6z \u00f6n\u00fcnde bulundurarak, markan\u0131z i\u00e7in en do\u011fru stratejiyi belirleyebilirsiniz. Unutmay\u0131n ki, stand\u0131n\u0131z sadece bir sergileme alan\u0131 de\u011fil, ayn\u0131 zamanda markan\u0131z\u0131n bir vitrinidir. Profesyonel destek alarak, fuar kat\u0131l\u0131mlar\u0131n\u0131z\u0131 maksimum verimle ger\u00e7ekle\u015ftirebilirsiniz. Fuar hedeflerinize ula\u015fmak ve b\u00fct\u00e7enizi en etkili \u015fekilde y\u00f6netmek i\u00e7in hemen bizimle ileti\u015fime ge\u00e7in ve markan\u0131z i\u00e7in en uygun stand \u00e7\u00f6z\u00fcm\u00fcn\u00fc birlikte tasarlayal\u0131m!<\/p>\n<h3>ET\u0130KETLER<\/h3>\n<ul>\n<li>fuar stand\u0131<\/li>\n<li>fuar stand\u0131 tasar\u0131m\u0131<\/li>\n<li>fuar stand\u0131 fiyatlar\u0131<\/li>\n<li>fuar stand\u0131 kiralama<\/li>\n<li>ah\u015fap fuar stand\u0131<\/li>\n<li>mod\u00fcler fuar stand\u0131<\/li>\n<li>istanbul fuar stand\u0131<\/li>\n<li>fuar mimarl\u0131k<\/li>\n<li>fuar stand firmalar\u0131<\/li>\n<li>fuar stand \u00fcretimi<\/li>\n<li>t\u00fcyap fuar stand\u0131<\/li>\n<li>cnr expo fuar stand\u0131<\/li>\n<li>izmir fuar stand\u0131<\/li>\n<li>ankara fuar stand\u0131<\/li>\n<\/ul>\n","protected":false},"excerpt":{"rendered":"<p>Fuar stand\u0131 fiyatlar\u0131 hakk\u0131nda detayl\u0131 bilgi edinin. Ah\u015fap fuar stand\u0131, mod\u00fcler stand ve kiralama se\u00e7eneklerini de\u011ferlendirin&#8230; <\/p>\n","protected":false},"author":1,"featured_media":0,"comment_status":"closed","ping_status":"closed","sticky":false,"template":"","format":"standard","meta":{"footnotes":""},"categories":[1],"tags":[192,201,199,195,196,197,188,190,191,189,194,200,193,198],"class_list":["post-5589","post","type-post","status-publish","format-standard","hentry","category-genel","tag-ahsap-fuar-standi","tag-ankara-fuar-standi","tag-cnr-expo-fuar-standi","tag-fuar-mimarlik","tag-fuar-stand-firmalari","tag-fuar-stand-uretimi","tag-fuar-standi","tag-fuar-standi-fiyatlari","tag-fuar-standi-kiralama","tag-fuar-standi-tasarimi","tag-istanbul-fuar-standi","tag-izmir-fuar-standi","tag-moduler-fuar-standi","tag-tuyap-fuar-standi"],"yoast_head":"<!-- This site is optimized with the Yoast SEO plugin v27.3 - https:\/\/yoast.com\/product\/yoast-seo-wordpress\/ -->\n<title>Fuar Stand\u0131 Fiyatlar\u0131 | Profesyonel Fuar Stand\u0131 \u00c7\u00f6z\u00fcmleri - InDesign Architecture<\/title>\n<meta name=\"description\" content=\"Fuar stand\u0131 fiyatlar\u0131 hakk\u0131nda detayl\u0131 bilgi edinin. Ah\u015fap fuar stand\u0131, mod\u00fcler stand ve kiralama se\u00e7eneklerini de\u011ferlendirin...\" \/>\n<meta name=\"robots\" content=\"index, follow, max-snippet:-1, max-image-preview:large, max-video-preview:-1\" \/>\n<link rel=\"canonical\" href=\"https:\/\/www.indesignmimarlik.com\/fuar-standi-fiyatlari-rehberi\/\" \/>\n<meta property=\"og:locale\" content=\"en_US\" \/>\n<meta property=\"og:type\" content=\"article\" \/>\n<meta property=\"og:title\" content=\"Fuar Stand\u0131 Fiyatlar\u0131 | Profesyonel Fuar Stand\u0131 \u00c7\u00f6z\u00fcmleri - [:tr]InDesign Mimarl\u0131k[:en]InDesign Architecture[:]\" \/>\n<meta property=\"og:description\" content=\"Fuar stand\u0131 fiyatlar\u0131 hakk\u0131nda detayl\u0131 bilgi edinin. Ah\u015fap fuar stand\u0131, mod\u00fcler stand ve kiralama se\u00e7eneklerini de\u011ferlendirin...\" \/>\n<meta property=\"og:url\" content=\"https:\/\/www.indesignmimarlik.com\/fuar-standi-fiyatlari-rehberi\/\" \/>\n<meta property=\"og:site_name\" content=\"[:tr]InDesign Mimarl\u0131k[:en]InDesign Architecture[:]\" \/>\n<meta property=\"article:publisher\" content=\"https:\/\/www.facebook.com\/INDESIGNMIMARLIK\/\" \/>\n<meta property=\"article:published_time\" content=\"2026-04-08T06:12:35+00:00\" \/>\n<meta property=\"og:image\" content=\"https:\/\/www.indesignmimarlik.com\/wp-content\/uploads\/2026\/04\/indesign-mimarlik-og-image.jpg\" \/>\n\t<meta property=\"og:image:width\" content=\"1280\" \/>\n\t<meta property=\"og:image:height\" content=\"720\" \/>\n\t<meta property=\"og:image:type\" content=\"image\/jpeg\" \/>\n<meta name=\"author\" content=\"admin\" \/>\n<meta name=\"twitter:card\" content=\"summary_large_image\" \/>\n<meta name=\"twitter:label1\" content=\"Written by\" \/>\n\t<meta name=\"twitter:data1\" content=\"admin\" \/>\n\t<meta name=\"twitter:label2\" content=\"Est. reading time\" \/>\n\t<meta name=\"twitter:data2\" content=\"7 minutes\" \/>\n<script type=\"application\/ld+json\" class=\"yoast-schema-graph\">{\"@context\":\"https:\\\/\\\/schema.org\",\"@graph\":[{\"@type\":\"Article\",\"@id\":\"https:\\\/\\\/www.indesignmimarlik.com\\\/fuar-standi-fiyatlari-rehberi\\\/#article\",\"isPartOf\":{\"@id\":\"https:\\\/\\\/www.indesignmimarlik.com\\\/fuar-standi-fiyatlari-rehberi\\\/\"},\"author\":{\"name\":\"admin\",\"@id\":\"https:\\\/\\\/www.indesignmimarlik.com\\\/#\\\/schema\\\/person\\\/51561a858ae73ac56b7545d8e81c0ab1\"},\"headline\":\"Fuar Stand\u0131 Fiyatlar\u0131 | Profesyonel Fuar Stand\u0131 \u00c7\u00f6z\u00fcmleri\",\"datePublished\":\"2026-04-08T06:12:35+00:00\",\"mainEntityOfPage\":{\"@id\":\"https:\\\/\\\/www.indesignmimarlik.com\\\/fuar-standi-fiyatlari-rehberi\\\/\"},\"wordCount\":1403,\"publisher\":{\"@id\":\"https:\\\/\\\/www.indesignmimarlik.com\\\/#organization\"},\"keywords\":[\"ah\u015fap fuar stand\u0131\",\"ankara fuar stand\u0131\",\"cnr expo fuar stand\u0131\",\"fuar mimarl\u0131k\",\"fuar stand firmalar\u0131\",\"fuar stand \u00fcretimi\",\"fuar stand\u0131\",\"fuar stand\u0131 fiyatlar\u0131\",\"fuar stand\u0131 kiralama\",\"fuar stand\u0131 tasar\u0131m\u0131\",\"istanbul fuar stand\u0131\",\"izmir fuar stand\u0131\",\"mod\u00fcler fuar stand\u0131\",\"t\u00fcyap fuar stand\u0131\"],\"articleSection\":[\"Genel\"],\"inLanguage\":\"en-US\"},{\"@type\":\"WebPage\",\"@id\":\"https:\\\/\\\/www.indesignmimarlik.com\\\/fuar-standi-fiyatlari-rehberi\\\/\",\"url\":\"https:\\\/\\\/www.indesignmimarlik.com\\\/fuar-standi-fiyatlari-rehberi\\\/\",\"name\":\"Fuar Stand\u0131 Fiyatlar\u0131 | Profesyonel Fuar Stand\u0131 \u00c7\u00f6z\u00fcmleri - [:tr]InDesign Mimarl\u0131k[:en]InDesign Architecture[:]\",\"isPartOf\":{\"@id\":\"https:\\\/\\\/www.indesignmimarlik.com\\\/#website\"},\"datePublished\":\"2026-04-08T06:12:35+00:00\",\"description\":\"Fuar stand\u0131 fiyatlar\u0131 hakk\u0131nda detayl\u0131 bilgi edinin. Ah\u015fap fuar stand\u0131, mod\u00fcler stand ve kiralama se\u00e7eneklerini de\u011ferlendirin...\",\"breadcrumb\":{\"@id\":\"https:\\\/\\\/www.indesignmimarlik.com\\\/fuar-standi-fiyatlari-rehberi\\\/#breadcrumb\"},\"inLanguage\":\"en-US\",\"potentialAction\":[{\"@type\":\"ReadAction\",\"target\":[\"https:\\\/\\\/www.indesignmimarlik.com\\\/fuar-standi-fiyatlari-rehberi\\\/\"]}]},{\"@type\":\"BreadcrumbList\",\"@id\":\"https:\\\/\\\/www.indesignmimarlik.com\\\/fuar-standi-fiyatlari-rehberi\\\/#breadcrumb\",\"itemListElement\":[{\"@type\":\"ListItem\",\"position\":1,\"name\":\"Anasayfa\",\"item\":\"https:\\\/\\\/www.indesignmimarlik.com\\\/\"},{\"@type\":\"ListItem\",\"position\":2,\"name\":\"Fuar Stand\u0131 Fiyatlar\u0131 | Profesyonel Fuar Stand\u0131 \u00c7\u00f6z\u00fcmleri\"}]},{\"@type\":\"WebSite\",\"@id\":\"https:\\\/\\\/www.indesignmimarlik.com\\\/#website\",\"url\":\"https:\\\/\\\/www.indesignmimarlik.com\\\/\",\"name\":\"InDesign Mimarl\u0131k\",\"description\":\"Fuar Stand firmalar\u0131 | Fuar Stand fiyatlar\u0131 |  Fuar Stand\u0131 Yapan firmalar istanbul | Fuar Stand Tasar\u0131mlar\u0131 | Fuar Stand\u0131 kiralama | Mod\u00fcler Fuar stand\u0131 | Stand \u00fcretimi yapan firmalar\",\"publisher\":{\"@id\":\"https:\\\/\\\/www.indesignmimarlik.com\\\/#organization\"},\"potentialAction\":[{\"@type\":\"SearchAction\",\"target\":{\"@type\":\"EntryPoint\",\"urlTemplate\":\"https:\\\/\\\/www.indesignmimarlik.com\\\/?s={search_term_string}\"},\"query-input\":{\"@type\":\"PropertyValueSpecification\",\"valueRequired\":true,\"valueName\":\"search_term_string\"}}],\"inLanguage\":\"en-US\"},{\"@type\":\"Organization\",\"@id\":\"https:\\\/\\\/www.indesignmimarlik.com\\\/#organization\",\"name\":\"InDesign Mimarl\u0131k\",\"url\":\"https:\\\/\\\/www.indesignmimarlik.com\\\/\",\"logo\":{\"@type\":\"ImageObject\",\"inLanguage\":\"en-US\",\"@id\":\"https:\\\/\\\/www.indesignmimarlik.com\\\/#\\\/schema\\\/logo\\\/image\\\/\",\"url\":\"https:\\\/\\\/www.indesignmimarlik.com\\\/wp-content\\\/uploads\\\/2020\\\/06\\\/indesign-mimarlik-logo221120112-SON.png\",\"contentUrl\":\"https:\\\/\\\/www.indesignmimarlik.com\\\/wp-content\\\/uploads\\\/2020\\\/06\\\/indesign-mimarlik-logo221120112-SON.png\",\"width\":300,\"height\":91,\"caption\":\"InDesign Mimarl\u0131k\"},\"image\":{\"@id\":\"https:\\\/\\\/www.indesignmimarlik.com\\\/#\\\/schema\\\/logo\\\/image\\\/\"},\"sameAs\":[\"https:\\\/\\\/www.facebook.com\\\/INDESIGNMIMARLIK\\\/\"]},{\"@type\":\"Person\",\"@id\":\"https:\\\/\\\/www.indesignmimarlik.com\\\/#\\\/schema\\\/person\\\/51561a858ae73ac56b7545d8e81c0ab1\",\"name\":\"admin\",\"image\":{\"@type\":\"ImageObject\",\"inLanguage\":\"en-US\",\"@id\":\"https:\\\/\\\/secure.gravatar.com\\\/avatar\\\/edfc38b7686be42955dc183a47d17d1ed95653d8f39336c679260b941f8809b8?s=96&d=mm&r=g\",\"url\":\"https:\\\/\\\/secure.gravatar.com\\\/avatar\\\/edfc38b7686be42955dc183a47d17d1ed95653d8f39336c679260b941f8809b8?s=96&d=mm&r=g\",\"contentUrl\":\"https:\\\/\\\/secure.gravatar.com\\\/avatar\\\/edfc38b7686be42955dc183a47d17d1ed95653d8f39336c679260b941f8809b8?s=96&d=mm&r=g\",\"caption\":\"admin\"},\"url\":\"https:\\\/\\\/www.indesignmimarlik.com\\\/en\\\/author\\\/adapod\\\/\"}]}<\/script>\n<!-- \/ Yoast SEO plugin. -->","yoast_head_json":{"title":"Fuar Stand\u0131 Fiyatlar\u0131 | Profesyonel Fuar Stand\u0131 \u00c7\u00f6z\u00fcmleri - [:tr]InDesign Mimarl\u0131k[:en]InDesign Architecture[:]","description":"Fuar stand\u0131 fiyatlar\u0131 hakk\u0131nda detayl\u0131 bilgi edinin. Ah\u015fap fuar stand\u0131, mod\u00fcler stand ve kiralama se\u00e7eneklerini de\u011ferlendirin...","robots":{"index":"index","follow":"follow","max-snippet":"max-snippet:-1","max-image-preview":"max-image-preview:large","max-video-preview":"max-video-preview:-1"},"canonical":"https:\/\/www.indesignmimarlik.com\/fuar-standi-fiyatlari-rehberi\/","og_locale":"en_US","og_type":"article","og_title":"Fuar Stand\u0131 Fiyatlar\u0131 | Profesyonel Fuar Stand\u0131 \u00c7\u00f6z\u00fcmleri - [:tr]InDesign Mimarl\u0131k[:en]InDesign Architecture[:]","og_description":"Fuar stand\u0131 fiyatlar\u0131 hakk\u0131nda detayl\u0131 bilgi edinin. Ah\u015fap fuar stand\u0131, mod\u00fcler stand ve kiralama se\u00e7eneklerini de\u011ferlendirin...","og_url":"https:\/\/www.indesignmimarlik.com\/fuar-standi-fiyatlari-rehberi\/","og_site_name":"[:tr]InDesign Mimarl\u0131k[:en]InDesign Architecture[:]","article_publisher":"https:\/\/www.facebook.com\/INDESIGNMIMARLIK\/","article_published_time":"2026-04-08T06:12:35+00:00","og_image":[{"width":1280,"height":720,"url":"https:\/\/www.indesignmimarlik.com\/wp-content\/uploads\/2026\/04\/indesign-mimarlik-og-image.jpg","type":"image\/jpeg"}],"author":"admin","twitter_card":"summary_large_image","twitter_misc":{"Written by":"admin","Est. reading time":"7 minutes"},"schema":{"@context":"https:\/\/schema.org","@graph":[{"@type":"Article","@id":"https:\/\/www.indesignmimarlik.com\/fuar-standi-fiyatlari-rehberi\/#article","isPartOf":{"@id":"https:\/\/www.indesignmimarlik.com\/fuar-standi-fiyatlari-rehberi\/"},"author":{"name":"admin","@id":"https:\/\/www.indesignmimarlik.com\/#\/schema\/person\/51561a858ae73ac56b7545d8e81c0ab1"},"headline":"Fuar Stand\u0131 Fiyatlar\u0131 | Profesyonel Fuar Stand\u0131 \u00c7\u00f6z\u00fcmleri","datePublished":"2026-04-08T06:12:35+00:00","mainEntityOfPage":{"@id":"https:\/\/www.indesignmimarlik.com\/fuar-standi-fiyatlari-rehberi\/"},"wordCount":1403,"publisher":{"@id":"https:\/\/www.indesignmimarlik.com\/#organization"},"keywords":["ah\u015fap fuar stand\u0131","ankara fuar stand\u0131","cnr expo fuar stand\u0131","fuar mimarl\u0131k","fuar stand firmalar\u0131","fuar stand \u00fcretimi","fuar stand\u0131","fuar stand\u0131 fiyatlar\u0131","fuar stand\u0131 kiralama","fuar stand\u0131 tasar\u0131m\u0131","istanbul fuar stand\u0131","izmir fuar stand\u0131","mod\u00fcler fuar stand\u0131","t\u00fcyap fuar stand\u0131"],"articleSection":["Genel"],"inLanguage":"en-US"},{"@type":"WebPage","@id":"https:\/\/www.indesignmimarlik.com\/fuar-standi-fiyatlari-rehberi\/","url":"https:\/\/www.indesignmimarlik.com\/fuar-standi-fiyatlari-rehberi\/","name":"Fuar Stand\u0131 Fiyatlar\u0131 | Profesyonel Fuar Stand\u0131 \u00c7\u00f6z\u00fcmleri - [:tr]InDesign Mimarl\u0131k[:en]InDesign Architecture[:]","isPartOf":{"@id":"https:\/\/www.indesignmimarlik.com\/#website"},"datePublished":"2026-04-08T06:12:35+00:00","description":"Fuar stand\u0131 fiyatlar\u0131 hakk\u0131nda detayl\u0131 bilgi edinin. Ah\u015fap fuar stand\u0131, mod\u00fcler stand ve kiralama se\u00e7eneklerini de\u011ferlendirin...","breadcrumb":{"@id":"https:\/\/www.indesignmimarlik.com\/fuar-standi-fiyatlari-rehberi\/#breadcrumb"},"inLanguage":"en-US","potentialAction":[{"@type":"ReadAction","target":["https:\/\/www.indesignmimarlik.com\/fuar-standi-fiyatlari-rehberi\/"]}]},{"@type":"BreadcrumbList","@id":"https:\/\/www.indesignmimarlik.com\/fuar-standi-fiyatlari-rehberi\/#breadcrumb","itemListElement":[{"@type":"ListItem","position":1,"name":"Anasayfa","item":"https:\/\/www.indesignmimarlik.com\/"},{"@type":"ListItem","position":2,"name":"Fuar Stand\u0131 Fiyatlar\u0131 | Profesyonel Fuar Stand\u0131 \u00c7\u00f6z\u00fcmleri"}]},{"@type":"WebSite","@id":"https:\/\/www.indesignmimarlik.com\/#website","url":"https:\/\/www.indesignmimarlik.com\/","name":"InDesign Mimarl\u0131k","description":"Fuar Stand firmalar\u0131 | Fuar Stand fiyatlar\u0131 |  Fuar Stand\u0131 Yapan firmalar istanbul | Fuar Stand Tasar\u0131mlar\u0131 | Fuar Stand\u0131 kiralama | Mod\u00fcler Fuar stand\u0131 | Stand \u00fcretimi yapan firmalar","publisher":{"@id":"https:\/\/www.indesignmimarlik.com\/#organization"},"potentialAction":[{"@type":"SearchAction","target":{"@type":"EntryPoint","urlTemplate":"https:\/\/www.indesignmimarlik.com\/?s={search_term_string}"},"query-input":{"@type":"PropertyValueSpecification","valueRequired":true,"valueName":"search_term_string"}}],"inLanguage":"en-US"},{"@type":"Organization","@id":"https:\/\/www.indesignmimarlik.com\/#organization","name":"InDesign Mimarl\u0131k","url":"https:\/\/www.indesignmimarlik.com\/","logo":{"@type":"ImageObject","inLanguage":"en-US","@id":"https:\/\/www.indesignmimarlik.com\/#\/schema\/logo\/image\/","url":"https:\/\/www.indesignmimarlik.com\/wp-content\/uploads\/2020\/06\/indesign-mimarlik-logo221120112-SON.png","contentUrl":"https:\/\/www.indesignmimarlik.com\/wp-content\/uploads\/2020\/06\/indesign-mimarlik-logo221120112-SON.png","width":300,"height":91,"caption":"InDesign Mimarl\u0131k"},"image":{"@id":"https:\/\/www.indesignmimarlik.com\/#\/schema\/logo\/image\/"},"sameAs":["https:\/\/www.facebook.com\/INDESIGNMIMARLIK\/"]},{"@type":"Person","@id":"https:\/\/www.indesignmimarlik.com\/#\/schema\/person\/51561a858ae73ac56b7545d8e81c0ab1","name":"admin","image":{"@type":"ImageObject","inLanguage":"en-US","@id":"https:\/\/secure.gravatar.com\/avatar\/edfc38b7686be42955dc183a47d17d1ed95653d8f39336c679260b941f8809b8?s=96&d=mm&r=g","url":"https:\/\/secure.gravatar.com\/avatar\/edfc38b7686be42955dc183a47d17d1ed95653d8f39336c679260b941f8809b8?s=96&d=mm&r=g","contentUrl":"https:\/\/secure.gravatar.com\/avatar\/edfc38b7686be42955dc183a47d17d1ed95653d8f39336c679260b941f8809b8?s=96&d=mm&r=g","caption":"admin"},"url":"https:\/\/www.indesignmimarlik.com\/en\/author\/adapod\/"}]}},"_links":{"self":[{"href":"https:\/\/www.indesignmimarlik.com\/en\/wp-json\/wp\/v2\/posts\/5589","targetHints":{"allow":["GET"]}}],"collection":[{"href":"https:\/\/www.indesignmimarlik.com\/en\/wp-json\/wp\/v2\/posts"}],"about":[{"href":"https:\/\/www.indesignmimarlik.com\/en\/wp-json\/wp\/v2\/types\/post"}],"author":[{"embeddable":true,"href":"https:\/\/www.indesignmimarlik.com\/en\/wp-json\/wp\/v2\/users\/1"}],"replies":[{"embeddable":true,"href":"https:\/\/www.indesignmimarlik.com\/en\/wp-json\/wp\/v2\/comments?post=5589"}],"version-history":[{"count":1,"href":"https:\/\/www.indesignmimarlik.com\/en\/wp-json\/wp\/v2\/posts\/5589\/revisions"}],"predecessor-version":[{"id":5590,"href":"https:\/\/www.indesignmimarlik.com\/en\/wp-json\/wp\/v2\/posts\/5589\/revisions\/5590"}],"wp:attachment":[{"href":"https:\/\/www.indesignmimarlik.com\/en\/wp-json\/wp\/v2\/media?parent=5589"}],"wp:term":[{"taxonomy":"category","embeddable":true,"href":"https:\/\/www.indesignmimarlik.com\/en\/wp-json\/wp\/v2\/categories?post=5589"},{"taxonomy":"post_tag","embeddable":true,"href":"https:\/\/www.indesignmimarlik.com\/en\/wp-json\/wp\/v2\/tags?post=5589"}],"curies":[{"name":"wp","href":"https:\/\/api.w.org\/{rel}","templated":true}]}}