{"id":5591,"date":"2026-04-08T09:12:51","date_gmt":"2026-04-08T06:12:51","guid":{"rendered":"https:\/\/www.indesignmimarlik.com\/ahsap-fuar-standi-fiyatlari-rehberi\/"},"modified":"2026-04-08T09:12:51","modified_gmt":"2026-04-08T06:12:51","slug":"ahsap-fuar-standi-fiyatlari-rehberi","status":"publish","type":"post","link":"https:\/\/www.indesignmimarlik.com\/en\/ahsap-fuar-standi-fiyatlari-rehberi\/","title":{"rendered":"Ah\u015fap Fuar Stand\u0131 Fiyatlar\u0131 | Profesyonel Fuar Stand\u0131 \u00c7\u00f6z\u00fcmleri"},"content":{"rendered":"<p>Fuar kat\u0131l\u0131mc\u0131lar\u0131 i\u00e7in <strong>ah\u015fap fuar stand\u0131 fiyatlar\u0131<\/strong>, markan\u0131n fiziksel temsilini olu\u015ftururken b\u00fct\u00e7eyi do\u011fru y\u00f6netmenin kritik bir par\u00e7as\u0131d\u0131r. Etkili bir fuar stand\u0131 sadece bir alan de\u011fil, ayn\u0131 zamanda hedef kitleyle kurulan ilk ve en \u00f6nemli temas noktas\u0131d\u0131r. Bu nedenle, <em>fuar stand\u0131 tasar\u0131m\u0131<\/em> ve \u00fcretiminde maliyetlerin bilin\u00e7li bir \u015fekilde ele al\u0131nmas\u0131, fuardan al\u0131nacak verimi do\u011frudan etkiler. Ah\u015fap fuar standlar\u0131, sundu\u011fu estetik ve do\u011fal g\u00f6r\u00fcn\u00fcm ile \u00f6ne \u00e7\u0131karken, fiyatland\u0131rmas\u0131 kullan\u0131lan malzeme kalitesine, stand\u0131n boyutlar\u0131na, karma\u015f\u0131kl\u0131\u011f\u0131na ve eklenen \u00f6zel detaylara g\u00f6re de\u011fi\u015fiklik g\u00f6sterir. Profesyonel bir <em>fuar mimarl\u0131k<\/em> hizmeti alarak, hem b\u00fct\u00e7enize uygun hem de markan\u0131z\u0131n kimli\u011fini en iyi \u015fekilde yans\u0131tan bir ah\u015fap fuar stand\u0131 elde edebilirsiniz.<\/p>\n<h2>Ah\u015fap Fuar Stand\u0131 Fiyatlar\u0131 ve Maliyetleri<\/h2>\n<p><strong>Ah\u015fap fuar stand\u0131 fiyatlar\u0131<\/strong> s\u00f6z konusu oldu\u011funda, bir\u00e7ok farkl\u0131 fakt\u00f6r devreye girer. \u0130lk olarak, kullan\u0131lan ah\u015fab\u0131n t\u00fcr\u00fc ve kalitesi maliyeti do\u011frudan etkiler. Masif ah\u015fap, MDF, kontraplak gibi farkl\u0131 malzemelerin maliyetleri ve i\u015flenme s\u00fcreleri de\u011fi\u015fir. \u00d6rne\u011fin, \u00f6zel a\u011fa\u00e7 t\u00fcrlerinden yap\u0131lan ve el i\u015f\u00e7ili\u011fi gerektiren tasar\u0131mlar, standart MDF panellerle yap\u0131lan standlara g\u00f6re daha y\u00fcksek maliyetli olacakt\u0131r. Stand\u0131n boyutu, yani kaplad\u0131\u011f\u0131 metrekare, fiyatland\u0131rman\u0131n en belirgin belirleyicisidir. Daha b\u00fcy\u00fck alanlar, daha fazla malzeme ve i\u015f\u00e7ilik gerektirece\u011finden do\u011fal olarak daha pahal\u0131d\u0131r. Ayr\u0131ca, stand\u0131n i\u00e7indeki \u00f6zel b\u00f6lmeler, entegre mobilyalar, ayd\u0131nlatma \u00e7\u00f6z\u00fcmleri, grafik bask\u0131lar ve multimedya ekipmanlar\u0131 gibi ek \u00f6zellikler de toplam maliyeti art\u0131r\u0131r. \u0130stanbul&#8217;da bir fuara kat\u0131l\u0131m g\u00f6steriyorsan\u0131z, <em>\u0130stanbul fuar stand\u0131<\/em> hizmeti veren firmalar\u0131n sundu\u011fu fiyatlar, lojistik ve montaj giderleri gibi fakt\u00f6rler nedeniyle farkl\u0131l\u0131k g\u00f6sterebilir. <em>Fuar stand\u0131 kiralama<\/em> se\u00e7enekleri de d\u00fc\u015f\u00fcn\u00fclebilir, ancak \u00f6zel tasar\u0131mlar i\u00e7in ah\u015fap stand \u00fcretimi daha kal\u0131c\u0131 bir \u00e7\u00f6z\u00fcm sunar.<\/p>\n<h3>Fuar Stand\u0131 Tasar\u0131m\u0131 Fiyatlar\u0131 \u00dczerindeki Etkisi<\/h3>\n<p>Bir fuar stand\u0131n\u0131n fiyat\u0131n\u0131 belirleyen en \u00f6nemli unsurlardan biri de \u015f\u00fcphesiz <em>fuar stand\u0131 tasar\u0131m\u0131<\/em>d\u0131r. Karma\u015f\u0131k, yenilik\u00e7i ve estetik a\u00e7\u0131dan dikkat \u00e7ekici tasar\u0131mlar, genellikle daha fazla m\u00fchendislik bilgisi, \u00f6zel \u00fcretim teknikleri ve i\u015f\u00e7ilik gerektirir. Bu da <strong>ah\u015fap fuar stand\u0131 fiyatlar\u0131<\/strong> \u00fczerinde do\u011frudan bir etkiye sahiptir. Stand\u0131n geometrisi, kullan\u0131lan renkler, ayd\u0131nlatma plan\u0131, \u00fcr\u00fcn te\u015fhir \u00fcnitelerinin yerle\u015fimi ve ziyaret\u00e7i ak\u0131\u015f\u0131n\u0131 y\u00f6nlendiren mimari unsurlar, tasar\u0131m\u0131n karma\u015f\u0131kl\u0131\u011f\u0131n\u0131 belirler. Bir <em>fuar mimarl\u0131k<\/em> firmas\u0131yla \u00e7al\u0131\u015fmak, tasar\u0131m s\u00fcrecinde hem yarat\u0131c\u0131l\u0131\u011f\u0131 hem de i\u015flevselli\u011fi bir araya getirerek marka bilinirli\u011fini art\u0131racak, ayn\u0131 zamanda b\u00fct\u00e7e dostu \u00e7\u00f6z\u00fcmler sunulmas\u0131n\u0131 sa\u011flar. \u00d6rne\u011fin, mod\u00fcler fuar stand\u0131 sistemleri, ah\u015fap standlara g\u00f6re daha ekonomik ve h\u0131zl\u0131 kurulabilir olsalar da, ah\u015fab\u0131n verdi\u011fi s\u0131cak ve premium hissi vermekte zorlanabilirler. Bu nedenle, b\u00fct\u00e7eniz ve markan\u0131z\u0131n vermek istedi\u011fi mesaj do\u011frultusunda en uygun stand t\u00fcr\u00fcn\u00fc se\u00e7mek \u00f6nemlidir.<\/p>\n<h2>Fuar Stand\u0131 Kiralama ve Ah\u015fap Stand Aras\u0131ndaki Farklar<\/h2>\n<p>Fuar kat\u0131l\u0131mc\u0131lar\u0131 i\u00e7in iki ana se\u00e7enek bulunur: <em>fuar stand\u0131 kiralama<\/em> veya s\u0131f\u0131rdan kendi stand\u0131n\u0131 yapt\u0131rma. Ah\u015fap fuar standlar\u0131 genellikle \u00f6zel \u00fcretimdir ve uzun vadeli kullan\u0131m veya markan\u0131n kimli\u011fini g\u00fc\u00e7l\u00fc bir \u015fekilde yans\u0131tmak isteyen firmalar taraf\u0131ndan tercih edilir. \u00d6zel tasar\u0131m ah\u015fap standlar, markan\u0131n de\u011ferlerini ve \u00fcr\u00fcnlerini en etkileyici \u015fekilde sergileme olana\u011f\u0131 sunar. Buna kar\u015f\u0131l\u0131k, <em>fuar stand\u0131 kiralama<\/em> se\u00e7enekleri, \u00f6zellikle b\u00fct\u00e7esini daha esnek tutmak isteyen veya s\u0131k s\u0131k farkl\u0131 fuarlara kat\u0131lan firmalar i\u00e7in caziptir. Kiral\u0131k mod\u00fcler standlar, h\u0131zl\u0131 kurulum ve toplama avantaj\u0131 sunar. Ancak, <strong>ah\u015fap fuar stand\u0131 fiyatlar\u0131<\/strong>, \u00f6zel tasar\u0131m\u0131n getirdi\u011fi benzersizlik ve estetik de\u011fer g\u00f6z \u00f6n\u00fcne al\u0131nd\u0131\u011f\u0131nda, kiralama maliyetlerinden daha y\u00fcksek olsa da, yat\u0131r\u0131m\u0131n geri d\u00f6n\u00fc\u015f\u00fc (ROI) a\u00e7\u0131s\u0131ndan uzun vadede daha avantajl\u0131 olabilir. \u00d6zellikle <em>\u0130stanbul fuar stand\u0131<\/em> projelerinde, kiralama maliyetleri rekabet\u00e7i olsa da, kal\u0131c\u0131 bir etki b\u0131rakmak isteyen firmalar i\u00e7in ah\u015fap standlar daha fazla \u00f6ne \u00e7\u0131kar.<\/p>\n<h3>Mod\u00fcler Fuar Stand\u0131 ve Ah\u015fap Fuar Stand\u0131 Kar\u015f\u0131la\u015ft\u0131rmas\u0131<\/h3>\n<p><strong>Mod\u00fcler fuar stand\u0131<\/strong> sistemleri, standart panellerin bir araya getirilmesiyle olu\u015fturulan, h\u0131zl\u0131 kurulup s\u00f6k\u00fclebilen ve tekrar kullan\u0131labilen yap\u0131lar olarak bilinir. Bu sistemler, \u00f6zellikle zaman ve maliyet a\u00e7\u0131s\u0131ndan verimlilik arayan firmalar i\u00e7in idealdir. Ancak, estetik ve \u00f6zg\u00fcnl\u00fck konusunda s\u0131n\u0131rlamalar\u0131 olabilir. <em>Ah\u015fap fuar stand\u0131<\/em> ise, tamamen \u00f6zg\u00fcn tasar\u0131mlara imkan tan\u0131r. Markan\u0131n kurumsal kimli\u011fine, \u00fcr\u00fcnlerine ve hedef kitlesine \u00f6zel olarak tasarlan\u0131p \u00fcretilebilir. Ah\u015fap malzemenin do\u011fall\u0131\u011f\u0131, s\u0131cakl\u0131\u011f\u0131 ve premium hissi, ziyaret\u00e7iler \u00fczerinde g\u00fc\u00e7l\u00fc bir izlenim b\u0131rak\u0131r. <strong>Ah\u015fap fuar stand\u0131 fiyatlar\u0131<\/strong>, mod\u00fcler sistemlere g\u00f6re daha y\u00fcksek olsa da, markan\u0131n de\u011ferini ve profesyonelli\u011fini vurgulamak i\u00e7in yap\u0131lan bir yat\u0131r\u0131md\u0131r. <em>Fuar mimarl\u0131k<\/em> uzmanlar\u0131, her iki sistemin avantaj ve dezavantajlar\u0131n\u0131 g\u00f6z \u00f6n\u00fcnde bulundurarak, firman\u0131n ihtiya\u00e7lar\u0131na en uygun \u00e7\u00f6z\u00fcm\u00fc sunar.<\/p>\n<h3>\u0130lgili Yaz\u0131lar<\/h3>\n<ul>\n<li><a href=\"https:\/\/www.indesignmimarlik.com\/fuar-standi-tasariminda-2026da-kazandiran-7-stratejik-trend\/\">Fuar Stand\u0131 Tasar\u0131m\u0131nda 2026\u2019da Kazand\u0131ran 7 Stratejik Trend<\/a><\/li>\n<li><a href=\"https:\/\/www.indesignmimarlik.com\/fuar-standi-fiyatlari-rehberi\/\">Fuar Stand\u0131 Fiyatlar\u0131 | Profesyonel Fuar Stand\u0131 \u00c7\u00f6z\u00fcmleri<\/a><\/li>\n<li><a href=\"https:\/\/www.indesignmimarlik.com\/moduler-fuar-standi-nedir-avantajlari-ve-dezavantajlari-2026-detayli-rehber\/\">Mod\u00fcler Fuar Stand\u0131 Nedir? Avantajlar\u0131 ve Dezavantajlar\u0131 (2026 Detayl\u0131 Rehber)<\/a><\/li>\n<\/ul>\n<h2>Profesyonel Fuar Mimarl\u0131k Hizmetinin \u00d6nemi<\/h2>\n<p>Etkili bir fuar deneyimi i\u00e7in <em>fuar mimarl\u0131k<\/em> hizmeti almak, stand\u0131n\u0131z\u0131n ba\u015far\u0131s\u0131n\u0131 garantilemenin anahtar\u0131d\u0131r. Profesyonel bir fuar mimar\u0131, sadece estetik kayg\u0131lar\u0131 de\u011fil, ayn\u0131 zamanda i\u015flevsellik, ziyaret\u00e7i ak\u0131\u015f\u0131, marka mesaj\u0131n\u0131n do\u011fru iletilmesi ve b\u00fct\u00e7e y\u00f6netimi gibi bir\u00e7ok unsuru bir arada de\u011ferlendirir. <strong>Ah\u015fap fuar stand\u0131 fiyatlar\u0131<\/strong> konusunda do\u011fru y\u00f6nlendirmeler yaparak, b\u00fct\u00e7enizi a\u015fmadan en etkili \u00e7\u00f6z\u00fcmleri sunar. Ayr\u0131ca, <em>\u0130stanbul fuar stand\u0131<\/em> projelerinde deneyimli bir mimarl\u0131k firmas\u0131, yerel fuar alanlar\u0131n\u0131n kurallar\u0131n\u0131, izin s\u00fcre\u00e7lerini ve teknik gereksinimlerini bilir. Bu da olas\u0131 aksakl\u0131klar\u0131 ve ek maliyetleri \u00f6nler. Stand\u0131n sadece bir yap\u0131 olmad\u0131\u011f\u0131n\u0131, ayn\u0131 zamanda markan\u0131z\u0131n bir vitrini oldu\u011funu unutmamak gerekir. Bu vitrinin en iyi \u015fekilde tasarlanmas\u0131, <em>fuar stand\u0131 tasar\u0131m\u0131<\/em> s\u00fcrecinin en \u00f6nemli ad\u0131mlar\u0131ndan biridir.<\/p>\n<p>Sonu\u00e7 olarak, <strong>ah\u015fap fuar stand\u0131 fiyatlar\u0131<\/strong>, stand\u0131n tasar\u0131m\u0131ndan malzemesine, boyutundan eklenen \u00f6zelliklere kadar pek \u00e7ok fakt\u00f6re ba\u011fl\u0131d\u0131r. Ancak, do\u011fru bir planlama, profesyonel <em>fuar mimarl\u0131k<\/em> deste\u011fi ve stratejik bir yakla\u015f\u0131mla, hem b\u00fct\u00e7enizi koruyabilir hem de fuarda markan\u0131z\u0131n en g\u00fc\u00e7l\u00fc \u015fekilde temsil edilmesini sa\u011flayabilirsiniz. <em>Fuar stand\u0131 kiralama<\/em> se\u00e7enekleri de de\u011ferlendirilebilir, ancak ah\u015fap standlar\u0131n sundu\u011fu prestij ve uzun vadeli marka de\u011feri, do\u011fru yat\u0131r\u0131m yap\u0131ld\u0131\u011f\u0131nda kar\u015f\u0131l\u0131\u011f\u0131n\u0131 fazlas\u0131yla verir. Markan\u0131z\u0131n fuardaki ba\u015far\u0131s\u0131 i\u00e7in bilin\u00e7li bir stand se\u00e7imi yap\u0131n.<\/p>\n<h3>Etiketler<\/h3>\n<ul>\n<li>fuar stand\u0131<\/li>\n<li>fuar stand\u0131 tasar\u0131m\u0131<\/li>\n<li>fuar stand\u0131 fiyatlar\u0131<\/li>\n<li>fuar stand\u0131 kiralama<\/li>\n<li>ah\u015fap fuar stand\u0131<\/li>\n<li>mod\u00fcler fuar stand\u0131<\/li>\n<li>istanbul fuar stand\u0131<\/li>\n<li>fuar mimarl\u0131k<\/li>\n<li>fuar stand firmalar\u0131<\/li>\n<li>fuar stand \u00fcretimi<\/li>\n<li>t\u00fcyap fuar stand\u0131<\/li>\n<li>cnr expo fuar stand\u0131<\/li>\n<li>izmir fuar stand\u0131<\/li>\n<li>ankara fuar stand\u0131<\/li>\n<\/ul>\n","protected":false},"excerpt":{"rendered":"<p>Ah\u015fap fuar stand\u0131 fiyatlar\u0131 hakk\u0131nda kapsaml\u0131 bilgi al\u0131n. Tasar\u0131m, malzeme ve kiralama se\u00e7eneklerini inceleyerek b\u00fct\u00e7enize en uygun&#8230; <\/p>\n","protected":false},"author":1,"featured_media":0,"comment_status":"closed","ping_status":"closed","sticky":false,"template":"","format":"standard","meta":{"footnotes":""},"categories":[1],"tags":[192,188,190,191,189],"class_list":["post-5591","post","type-post","status-publish","format-standard","hentry","category-genel","tag-ahsap-fuar-standi","tag-fuar-standi","tag-fuar-standi-fiyatlari","tag-fuar-standi-kiralama","tag-fuar-standi-tasarimi"],"yoast_head":"<!-- This site is optimized with the Yoast SEO plugin v27.3 - https:\/\/yoast.com\/product\/yoast-seo-wordpress\/ -->\n<title>Ah\u015fap Fuar Stand\u0131 Fiyatlar\u0131 | Profesyonel Fuar Stand\u0131 \u00c7\u00f6z\u00fcmleri - InDesign Architecture<\/title>\n<meta name=\"description\" content=\"Ah\u015fap fuar stand\u0131 fiyatlar\u0131 hakk\u0131nda kapsaml\u0131 bilgi al\u0131n. Tasar\u0131m, malzeme ve kiralama se\u00e7eneklerini inceleyerek b\u00fct\u00e7enize en uygun...\" \/>\n<meta name=\"robots\" content=\"index, follow, max-snippet:-1, max-image-preview:large, max-video-preview:-1\" \/>\n<link rel=\"canonical\" href=\"https:\/\/www.indesignmimarlik.com\/ahsap-fuar-standi-fiyatlari-rehberi\/\" \/>\n<meta property=\"og:locale\" content=\"en_US\" \/>\n<meta property=\"og:type\" content=\"article\" \/>\n<meta property=\"og:title\" content=\"Ah\u015fap Fuar Stand\u0131 Fiyatlar\u0131 | Profesyonel Fuar Stand\u0131 \u00c7\u00f6z\u00fcmleri - [:tr]InDesign Mimarl\u0131k[:en]InDesign Architecture[:]\" \/>\n<meta property=\"og:description\" content=\"Ah\u015fap fuar stand\u0131 fiyatlar\u0131 hakk\u0131nda kapsaml\u0131 bilgi al\u0131n. Tasar\u0131m, malzeme ve kiralama se\u00e7eneklerini inceleyerek b\u00fct\u00e7enize en uygun...\" \/>\n<meta property=\"og:url\" content=\"https:\/\/www.indesignmimarlik.com\/ahsap-fuar-standi-fiyatlari-rehberi\/\" \/>\n<meta property=\"og:site_name\" content=\"[:tr]InDesign Mimarl\u0131k[:en]InDesign Architecture[:]\" \/>\n<meta property=\"article:publisher\" content=\"https:\/\/www.facebook.com\/INDESIGNMIMARLIK\/\" \/>\n<meta property=\"article:published_time\" content=\"2026-04-08T06:12:51+00:00\" \/>\n<meta property=\"og:image\" content=\"https:\/\/www.indesignmimarlik.com\/wp-content\/uploads\/2026\/04\/indesign-mimarlik-og-image.jpg\" \/>\n\t<meta property=\"og:image:width\" content=\"1280\" \/>\n\t<meta property=\"og:image:height\" content=\"720\" \/>\n\t<meta property=\"og:image:type\" content=\"image\/jpeg\" \/>\n<meta name=\"author\" content=\"admin\" \/>\n<meta name=\"twitter:card\" content=\"summary_large_image\" \/>\n<meta name=\"twitter:label1\" content=\"Written by\" \/>\n\t<meta name=\"twitter:data1\" content=\"admin\" \/>\n\t<meta name=\"twitter:label2\" content=\"Est. reading time\" \/>\n\t<meta name=\"twitter:data2\" content=\"7 minutes\" \/>\n<script type=\"application\/ld+json\" class=\"yoast-schema-graph\">{\"@context\":\"https:\\\/\\\/schema.org\",\"@graph\":[{\"@type\":\"Article\",\"@id\":\"https:\\\/\\\/www.indesignmimarlik.com\\\/ahsap-fuar-standi-fiyatlari-rehberi\\\/#article\",\"isPartOf\":{\"@id\":\"https:\\\/\\\/www.indesignmimarlik.com\\\/ahsap-fuar-standi-fiyatlari-rehberi\\\/\"},\"author\":{\"name\":\"admin\",\"@id\":\"https:\\\/\\\/www.indesignmimarlik.com\\\/#\\\/schema\\\/person\\\/51561a858ae73ac56b7545d8e81c0ab1\"},\"headline\":\"Ah\u015fap Fuar Stand\u0131 Fiyatlar\u0131 | Profesyonel Fuar Stand\u0131 \u00c7\u00f6z\u00fcmleri\",\"datePublished\":\"2026-04-08T06:12:51+00:00\",\"mainEntityOfPage\":{\"@id\":\"https:\\\/\\\/www.indesignmimarlik.com\\\/ahsap-fuar-standi-fiyatlari-rehberi\\\/\"},\"wordCount\":1279,\"publisher\":{\"@id\":\"https:\\\/\\\/www.indesignmimarlik.com\\\/#organization\"},\"keywords\":[\"ah\u015fap fuar stand\u0131\",\"fuar stand\u0131\",\"fuar stand\u0131 fiyatlar\u0131\",\"fuar stand\u0131 kiralama\",\"fuar stand\u0131 tasar\u0131m\u0131\"],\"articleSection\":[\"Genel\"],\"inLanguage\":\"en-US\"},{\"@type\":\"WebPage\",\"@id\":\"https:\\\/\\\/www.indesignmimarlik.com\\\/ahsap-fuar-standi-fiyatlari-rehberi\\\/\",\"url\":\"https:\\\/\\\/www.indesignmimarlik.com\\\/ahsap-fuar-standi-fiyatlari-rehberi\\\/\",\"name\":\"Ah\u015fap Fuar Stand\u0131 Fiyatlar\u0131 | Profesyonel Fuar Stand\u0131 \u00c7\u00f6z\u00fcmleri - [:tr]InDesign Mimarl\u0131k[:en]InDesign Architecture[:]\",\"isPartOf\":{\"@id\":\"https:\\\/\\\/www.indesignmimarlik.com\\\/#website\"},\"datePublished\":\"2026-04-08T06:12:51+00:00\",\"description\":\"Ah\u015fap fuar stand\u0131 fiyatlar\u0131 hakk\u0131nda kapsaml\u0131 bilgi al\u0131n. Tasar\u0131m, malzeme ve kiralama se\u00e7eneklerini inceleyerek b\u00fct\u00e7enize en uygun...\",\"breadcrumb\":{\"@id\":\"https:\\\/\\\/www.indesignmimarlik.com\\\/ahsap-fuar-standi-fiyatlari-rehberi\\\/#breadcrumb\"},\"inLanguage\":\"en-US\",\"potentialAction\":[{\"@type\":\"ReadAction\",\"target\":[\"https:\\\/\\\/www.indesignmimarlik.com\\\/ahsap-fuar-standi-fiyatlari-rehberi\\\/\"]}]},{\"@type\":\"BreadcrumbList\",\"@id\":\"https:\\\/\\\/www.indesignmimarlik.com\\\/ahsap-fuar-standi-fiyatlari-rehberi\\\/#breadcrumb\",\"itemListElement\":[{\"@type\":\"ListItem\",\"position\":1,\"name\":\"Anasayfa\",\"item\":\"https:\\\/\\\/www.indesignmimarlik.com\\\/\"},{\"@type\":\"ListItem\",\"position\":2,\"name\":\"Ah\u015fap Fuar Stand\u0131 Fiyatlar\u0131 | Profesyonel Fuar Stand\u0131 \u00c7\u00f6z\u00fcmleri\"}]},{\"@type\":\"WebSite\",\"@id\":\"https:\\\/\\\/www.indesignmimarlik.com\\\/#website\",\"url\":\"https:\\\/\\\/www.indesignmimarlik.com\\\/\",\"name\":\"InDesign Mimarl\u0131k\",\"description\":\"Fuar Stand firmalar\u0131 | Fuar Stand fiyatlar\u0131 |  Fuar Stand\u0131 Yapan firmalar istanbul | Fuar Stand Tasar\u0131mlar\u0131 | Fuar Stand\u0131 kiralama | Mod\u00fcler Fuar stand\u0131 | Stand \u00fcretimi yapan firmalar\",\"publisher\":{\"@id\":\"https:\\\/\\\/www.indesignmimarlik.com\\\/#organization\"},\"potentialAction\":[{\"@type\":\"SearchAction\",\"target\":{\"@type\":\"EntryPoint\",\"urlTemplate\":\"https:\\\/\\\/www.indesignmimarlik.com\\\/?s={search_term_string}\"},\"query-input\":{\"@type\":\"PropertyValueSpecification\",\"valueRequired\":true,\"valueName\":\"search_term_string\"}}],\"inLanguage\":\"en-US\"},{\"@type\":\"Organization\",\"@id\":\"https:\\\/\\\/www.indesignmimarlik.com\\\/#organization\",\"name\":\"InDesign Mimarl\u0131k\",\"url\":\"https:\\\/\\\/www.indesignmimarlik.com\\\/\",\"logo\":{\"@type\":\"ImageObject\",\"inLanguage\":\"en-US\",\"@id\":\"https:\\\/\\\/www.indesignmimarlik.com\\\/#\\\/schema\\\/logo\\\/image\\\/\",\"url\":\"https:\\\/\\\/www.indesignmimarlik.com\\\/wp-content\\\/uploads\\\/2020\\\/06\\\/indesign-mimarlik-logo221120112-SON.png\",\"contentUrl\":\"https:\\\/\\\/www.indesignmimarlik.com\\\/wp-content\\\/uploads\\\/2020\\\/06\\\/indesign-mimarlik-logo221120112-SON.png\",\"width\":300,\"height\":91,\"caption\":\"InDesign Mimarl\u0131k\"},\"image\":{\"@id\":\"https:\\\/\\\/www.indesignmimarlik.com\\\/#\\\/schema\\\/logo\\\/image\\\/\"},\"sameAs\":[\"https:\\\/\\\/www.facebook.com\\\/INDESIGNMIMARLIK\\\/\"]},{\"@type\":\"Person\",\"@id\":\"https:\\\/\\\/www.indesignmimarlik.com\\\/#\\\/schema\\\/person\\\/51561a858ae73ac56b7545d8e81c0ab1\",\"name\":\"admin\",\"image\":{\"@type\":\"ImageObject\",\"inLanguage\":\"en-US\",\"@id\":\"https:\\\/\\\/secure.gravatar.com\\\/avatar\\\/edfc38b7686be42955dc183a47d17d1ed95653d8f39336c679260b941f8809b8?s=96&d=mm&r=g\",\"url\":\"https:\\\/\\\/secure.gravatar.com\\\/avatar\\\/edfc38b7686be42955dc183a47d17d1ed95653d8f39336c679260b941f8809b8?s=96&d=mm&r=g\",\"contentUrl\":\"https:\\\/\\\/secure.gravatar.com\\\/avatar\\\/edfc38b7686be42955dc183a47d17d1ed95653d8f39336c679260b941f8809b8?s=96&d=mm&r=g\",\"caption\":\"admin\"},\"url\":\"https:\\\/\\\/www.indesignmimarlik.com\\\/en\\\/author\\\/adapod\\\/\"}]}<\/script>\n<!-- \/ Yoast SEO plugin. -->","yoast_head_json":{"title":"Ah\u015fap Fuar Stand\u0131 Fiyatlar\u0131 | Profesyonel Fuar Stand\u0131 \u00c7\u00f6z\u00fcmleri - [:tr]InDesign Mimarl\u0131k[:en]InDesign Architecture[:]","description":"Ah\u015fap fuar stand\u0131 fiyatlar\u0131 hakk\u0131nda kapsaml\u0131 bilgi al\u0131n. Tasar\u0131m, malzeme ve kiralama se\u00e7eneklerini inceleyerek b\u00fct\u00e7enize en uygun...","robots":{"index":"index","follow":"follow","max-snippet":"max-snippet:-1","max-image-preview":"max-image-preview:large","max-video-preview":"max-video-preview:-1"},"canonical":"https:\/\/www.indesignmimarlik.com\/ahsap-fuar-standi-fiyatlari-rehberi\/","og_locale":"en_US","og_type":"article","og_title":"Ah\u015fap Fuar Stand\u0131 Fiyatlar\u0131 | Profesyonel Fuar Stand\u0131 \u00c7\u00f6z\u00fcmleri - [:tr]InDesign Mimarl\u0131k[:en]InDesign Architecture[:]","og_description":"Ah\u015fap fuar stand\u0131 fiyatlar\u0131 hakk\u0131nda kapsaml\u0131 bilgi al\u0131n. Tasar\u0131m, malzeme ve kiralama se\u00e7eneklerini inceleyerek b\u00fct\u00e7enize en uygun...","og_url":"https:\/\/www.indesignmimarlik.com\/ahsap-fuar-standi-fiyatlari-rehberi\/","og_site_name":"[:tr]InDesign Mimarl\u0131k[:en]InDesign Architecture[:]","article_publisher":"https:\/\/www.facebook.com\/INDESIGNMIMARLIK\/","article_published_time":"2026-04-08T06:12:51+00:00","og_image":[{"width":1280,"height":720,"url":"https:\/\/www.indesignmimarlik.com\/wp-content\/uploads\/2026\/04\/indesign-mimarlik-og-image.jpg","type":"image\/jpeg"}],"author":"admin","twitter_card":"summary_large_image","twitter_misc":{"Written by":"admin","Est. reading time":"7 minutes"},"schema":{"@context":"https:\/\/schema.org","@graph":[{"@type":"Article","@id":"https:\/\/www.indesignmimarlik.com\/ahsap-fuar-standi-fiyatlari-rehberi\/#article","isPartOf":{"@id":"https:\/\/www.indesignmimarlik.com\/ahsap-fuar-standi-fiyatlari-rehberi\/"},"author":{"name":"admin","@id":"https:\/\/www.indesignmimarlik.com\/#\/schema\/person\/51561a858ae73ac56b7545d8e81c0ab1"},"headline":"Ah\u015fap Fuar Stand\u0131 Fiyatlar\u0131 | Profesyonel Fuar Stand\u0131 \u00c7\u00f6z\u00fcmleri","datePublished":"2026-04-08T06:12:51+00:00","mainEntityOfPage":{"@id":"https:\/\/www.indesignmimarlik.com\/ahsap-fuar-standi-fiyatlari-rehberi\/"},"wordCount":1279,"publisher":{"@id":"https:\/\/www.indesignmimarlik.com\/#organization"},"keywords":["ah\u015fap fuar stand\u0131","fuar stand\u0131","fuar stand\u0131 fiyatlar\u0131","fuar stand\u0131 kiralama","fuar stand\u0131 tasar\u0131m\u0131"],"articleSection":["Genel"],"inLanguage":"en-US"},{"@type":"WebPage","@id":"https:\/\/www.indesignmimarlik.com\/ahsap-fuar-standi-fiyatlari-rehberi\/","url":"https:\/\/www.indesignmimarlik.com\/ahsap-fuar-standi-fiyatlari-rehberi\/","name":"Ah\u015fap Fuar Stand\u0131 Fiyatlar\u0131 | Profesyonel Fuar Stand\u0131 \u00c7\u00f6z\u00fcmleri - [:tr]InDesign Mimarl\u0131k[:en]InDesign Architecture[:]","isPartOf":{"@id":"https:\/\/www.indesignmimarlik.com\/#website"},"datePublished":"2026-04-08T06:12:51+00:00","description":"Ah\u015fap fuar stand\u0131 fiyatlar\u0131 hakk\u0131nda kapsaml\u0131 bilgi al\u0131n. Tasar\u0131m, malzeme ve kiralama se\u00e7eneklerini inceleyerek b\u00fct\u00e7enize en uygun...","breadcrumb":{"@id":"https:\/\/www.indesignmimarlik.com\/ahsap-fuar-standi-fiyatlari-rehberi\/#breadcrumb"},"inLanguage":"en-US","potentialAction":[{"@type":"ReadAction","target":["https:\/\/www.indesignmimarlik.com\/ahsap-fuar-standi-fiyatlari-rehberi\/"]}]},{"@type":"BreadcrumbList","@id":"https:\/\/www.indesignmimarlik.com\/ahsap-fuar-standi-fiyatlari-rehberi\/#breadcrumb","itemListElement":[{"@type":"ListItem","position":1,"name":"Anasayfa","item":"https:\/\/www.indesignmimarlik.com\/"},{"@type":"ListItem","position":2,"name":"Ah\u015fap Fuar Stand\u0131 Fiyatlar\u0131 | Profesyonel Fuar Stand\u0131 \u00c7\u00f6z\u00fcmleri"}]},{"@type":"WebSite","@id":"https:\/\/www.indesignmimarlik.com\/#website","url":"https:\/\/www.indesignmimarlik.com\/","name":"InDesign Mimarl\u0131k","description":"Fuar Stand firmalar\u0131 | Fuar Stand fiyatlar\u0131 |  Fuar Stand\u0131 Yapan firmalar istanbul | Fuar Stand Tasar\u0131mlar\u0131 | Fuar Stand\u0131 kiralama | Mod\u00fcler Fuar stand\u0131 | Stand \u00fcretimi yapan firmalar","publisher":{"@id":"https:\/\/www.indesignmimarlik.com\/#organization"},"potentialAction":[{"@type":"SearchAction","target":{"@type":"EntryPoint","urlTemplate":"https:\/\/www.indesignmimarlik.com\/?s={search_term_string}"},"query-input":{"@type":"PropertyValueSpecification","valueRequired":true,"valueName":"search_term_string"}}],"inLanguage":"en-US"},{"@type":"Organization","@id":"https:\/\/www.indesignmimarlik.com\/#organization","name":"InDesign Mimarl\u0131k","url":"https:\/\/www.indesignmimarlik.com\/","logo":{"@type":"ImageObject","inLanguage":"en-US","@id":"https:\/\/www.indesignmimarlik.com\/#\/schema\/logo\/image\/","url":"https:\/\/www.indesignmimarlik.com\/wp-content\/uploads\/2020\/06\/indesign-mimarlik-logo221120112-SON.png","contentUrl":"https:\/\/www.indesignmimarlik.com\/wp-content\/uploads\/2020\/06\/indesign-mimarlik-logo221120112-SON.png","width":300,"height":91,"caption":"InDesign Mimarl\u0131k"},"image":{"@id":"https:\/\/www.indesignmimarlik.com\/#\/schema\/logo\/image\/"},"sameAs":["https:\/\/www.facebook.com\/INDESIGNMIMARLIK\/"]},{"@type":"Person","@id":"https:\/\/www.indesignmimarlik.com\/#\/schema\/person\/51561a858ae73ac56b7545d8e81c0ab1","name":"admin","image":{"@type":"ImageObject","inLanguage":"en-US","@id":"https:\/\/secure.gravatar.com\/avatar\/edfc38b7686be42955dc183a47d17d1ed95653d8f39336c679260b941f8809b8?s=96&d=mm&r=g","url":"https:\/\/secure.gravatar.com\/avatar\/edfc38b7686be42955dc183a47d17d1ed95653d8f39336c679260b941f8809b8?s=96&d=mm&r=g","contentUrl":"https:\/\/secure.gravatar.com\/avatar\/edfc38b7686be42955dc183a47d17d1ed95653d8f39336c679260b941f8809b8?s=96&d=mm&r=g","caption":"admin"},"url":"https:\/\/www.indesignmimarlik.com\/en\/author\/adapod\/"}]}},"_links":{"self":[{"href":"https:\/\/www.indesignmimarlik.com\/en\/wp-json\/wp\/v2\/posts\/5591","targetHints":{"allow":["GET"]}}],"collection":[{"href":"https:\/\/www.indesignmimarlik.com\/en\/wp-json\/wp\/v2\/posts"}],"about":[{"href":"https:\/\/www.indesignmimarlik.com\/en\/wp-json\/wp\/v2\/types\/post"}],"author":[{"embeddable":true,"href":"https:\/\/www.indesignmimarlik.com\/en\/wp-json\/wp\/v2\/users\/1"}],"replies":[{"embeddable":true,"href":"https:\/\/www.indesignmimarlik.com\/en\/wp-json\/wp\/v2\/comments?post=5591"}],"version-history":[{"count":1,"href":"https:\/\/www.indesignmimarlik.com\/en\/wp-json\/wp\/v2\/posts\/5591\/revisions"}],"predecessor-version":[{"id":5592,"href":"https:\/\/www.indesignmimarlik.com\/en\/wp-json\/wp\/v2\/posts\/5591\/revisions\/5592"}],"wp:attachment":[{"href":"https:\/\/www.indesignmimarlik.com\/en\/wp-json\/wp\/v2\/media?parent=5591"}],"wp:term":[{"taxonomy":"category","embeddable":true,"href":"https:\/\/www.indesignmimarlik.com\/en\/wp-json\/wp\/v2\/categories?post=5591"},{"taxonomy":"post_tag","embeddable":true,"href":"https:\/\/www.indesignmimarlik.com\/en\/wp-json\/wp\/v2\/tags?post=5591"}],"curies":[{"name":"wp","href":"https:\/\/api.w.org\/{rel}","templated":true}]}}