{"id":5600,"date":"2026-04-11T12:20:01","date_gmt":"2026-04-11T09:20:01","guid":{"rendered":"https:\/\/www.indesignmimarlik.com\/fuar-standi-yapan-firmalar-profesyonel-cozumler\/"},"modified":"2026-04-11T12:20:01","modified_gmt":"2026-04-11T09:20:01","slug":"fuar-standi-yapan-firmalar-profesyonel-cozumler","status":"publish","type":"post","link":"https:\/\/www.indesignmimarlik.com\/en\/fuar-standi-yapan-firmalar-profesyonel-cozumler\/","title":{"rendered":"fuar stand\u0131 yapan firmalar | Profesyonel Fuar Stand\u0131 \u00c7\u00f6z\u00fcmleri"},"content":{"rendered":"<p>Fuar organizasyonlar\u0131, markan\u0131z\u0131n hedef kitlesiyle do\u011frudan bulu\u015ftu\u011fu, \u00fcr\u00fcn ve hizmetlerinizi sergileyebilece\u011finiz, yeni i\u015f ba\u011flant\u0131lar\u0131 kurabilece\u011finiz en etkili platformlardan biridir. Bu dinamik ortamda markan\u0131z\u0131n \u00f6ne \u00e7\u0131kmas\u0131, ak\u0131lda kal\u0131c\u0131 olmas\u0131 ve hedeflerinize ula\u015fmas\u0131 b\u00fcy\u00fck \u00f6l\u00e7\u00fcde <strong>fuar stand\u0131 yapan firmalar<\/strong> ile \u00e7al\u0131\u015fman\u0131za ba\u011fl\u0131d\u0131r. Do\u011fru bir fuar stand\u0131, sadece bir sergileme alan\u0131 olman\u0131n \u00f6tesine ge\u00e7erek, markan\u0131z\u0131n hikayesini anlatan, ziyaret\u00e7ilerle etkile\u015fim kurman\u0131z\u0131 sa\u011flayan ve rekabette fark yaratman\u0131za yard\u0131mc\u0131 olan stratejik bir ara\u00e7t\u0131r. Bu nedenle, fuar stand\u0131 yapt\u0131r\u0131rken veya kiralarken profesyonel destek almak, yat\u0131r\u0131m\u0131n\u0131z\u0131n geri d\u00f6n\u00fc\u015f\u00fcn\u00fc maksimize etmenin anahtar\u0131d\u0131r.<\/p>\n<h2>Fuar Stand\u0131 Yapan Firmalarla \u00c7al\u0131\u015fman\u0131n \u00d6nemi<\/h2>\n<p>Piyasadaki say\u0131s\u0131z <strong>fuar stand\u0131 yapan firmalar<\/strong> aras\u0131ndan do\u011fru se\u00e7imi yapmak, fuar ba\u015far\u0131n\u0131z\u0131n temel ta\u015flar\u0131ndan biridir. Tecr\u00fcbeli bir fuar stand\u0131 firmas\u0131, markan\u0131z\u0131n kimli\u011fini, hedeflerini ve hedef kitlesini anlayarak size \u00f6zel, fonksiyonel ve estetik a\u00e7\u0131dan \u00e7ekici bir stand tasar\u0131m\u0131 sunar. Bu firmalar, yaln\u0131zca tasar\u0131m a\u015famas\u0131nda de\u011fil, ayn\u0131 zamanda \u00fcretim, kurulum ve s\u00f6k\u00fcm s\u00fcre\u00e7lerinde de profesyonel hizmet sa\u011flayarak fuar deneyiminizin sorunsuz ilerlemesini garantiler. \u0130yi bir <strong>fuar stand\u0131 tasar\u0131m\u0131<\/strong>, markan\u0131z\u0131n bilinirli\u011fini art\u0131r\u0131rken, ziyaret\u00e7ilerin stand\u0131n\u0131za do\u011fal bir \u00e7ekim merkezi olu\u015fturmas\u0131n\u0131 sa\u011flar.<\/p>\n<h3>Fuar Stand\u0131 Se\u00e7erken Dikkat Edilmesi Gerekenler ile Fuar Stand\u0131 Yapan Firmalar<\/h3>\n<p>Fuar stand\u0131 se\u00e7imi, markan\u0131z\u0131n fuardaki temsil g\u00fcc\u00fcn\u00fc do\u011frudan etkileyen kritik bir karard\u0131r. Bu s\u00fcre\u00e7te g\u00f6z \u00f6n\u00fcnde bulundurman\u0131z gereken ba\u015fl\u0131ca unsurlar \u015funlard\u0131r:<\/p>\n<ul>\n<li><strong>Marka Kimli\u011fi ve Hedefler:<\/strong> Stand\u0131n\u0131z, markan\u0131z\u0131n g\u00f6rsel dilini ve de\u011ferlerini yans\u0131tmal\u0131d\u0131r. Hedefleriniz do\u011frultusunda ziyaret\u00e7i \u00e7ekme, bilgi verme veya sat\u0131\u015f yapma gibi ama\u00e7lara hizmet etmelidir.<\/li>\n<li><strong>Fuar Alan\u0131 ve Konum:<\/strong> Fuar\u0131n genel konsepti, stand\u0131n\u0131z\u0131n yerle\u015fece\u011fi alan\u0131n b\u00fcy\u00fckl\u00fc\u011f\u00fc ve konumu, tasar\u0131m kararlar\u0131n\u0131z\u0131 etkileyecektir.<\/li>\n<li><strong>B\u00fct\u00e7e:<\/strong> Stand tasar\u0131m\u0131, \u00fcretimi veya kiralanmas\u0131 i\u00e7in ay\u0131rd\u0131\u011f\u0131n\u0131z b\u00fct\u00e7e, se\u00e7eneklerinizi belirlemede \u00f6nemli bir fakt\u00f6rd\u00fcr.<\/li>\n<li><strong>Fonksiyonellik ve Kullan\u0131\u015fl\u0131l\u0131k:<\/strong> Stand\u0131n\u0131z\u0131n hem \u00e7al\u0131\u015fanlar\u0131n\u0131z hem de ziyaret\u00e7iler i\u00e7in rahat bir kullan\u0131m alan\u0131 sunmas\u0131 gerekir. \u00dcr\u00fcn sergileme alanlar\u0131, oturma gruplar\u0131, depolama alanlar\u0131 gibi unsurlar planlanmal\u0131d\u0131r.<\/li>\n<li><strong>Malzeme Kalitesi ve G\u00fcvenlik:<\/strong> Kullan\u0131lan malzemelerin kalitesi, stand\u0131n dayan\u0131kl\u0131l\u0131\u011f\u0131n\u0131 ve esteti\u011fini do\u011frudan etkiler. Ayr\u0131ca, g\u00fcvenlik standartlar\u0131na uygunluk esast\u0131r.<\/li>\n<\/ul>\n<p>Bu unsurlar\u0131 g\u00f6z \u00f6n\u00fcnde bulundurarak, fuar stand\u0131 yapan firmalar ile birlikte \u00e7al\u0131\u015farak markan\u0131z i\u00e7in en do\u011fru karar\u0131 verebilirsiniz.<\/p>\n<h3>Fuar Stand\u0131 T\u00fcrleri<\/h3>\n<p>Fuar standlar\u0131, kullan\u0131lan malzemeye, tasar\u0131ma ve i\u015flevselli\u011fe g\u00f6re farkl\u0131l\u0131k g\u00f6sterir. En yayg\u0131n stand t\u00fcrleri \u015funlard\u0131r:<\/p>\n<ul>\n<li><strong>Ah\u015fap Fuar Stand\u0131:<\/strong> Genellikle \u00f6zel tasar\u0131m projelerde tercih edilir. Markaya \u00f6zg\u00fc detaylar ve \u00fcst d\u00fczey estetik sunma imkan\u0131 verir. Dayan\u0131kl\u0131 ve prestijli bir g\u00f6r\u00fcn\u00fcm sa\u011flar.<\/li>\n<li><strong>Mod\u00fcler Fuar Stand\u0131:<\/strong> Farkl\u0131 fuarlar i\u00e7in kolayca s\u00f6k\u00fcl\u00fcp tak\u0131labilen ve tekrar kullan\u0131labilen sistemlerdir. Maliyet etkinli\u011fi ve h\u0131zl\u0131 kurulum avantaj\u0131 sunar.<\/li>\n<li><strong>Kombine Fuar Stand\u0131:<\/strong> Ah\u015fap ve mod\u00fcler sistemlerin bir arada kullan\u0131ld\u0131\u011f\u0131, hem \u00f6zg\u00fcn tasar\u0131mlara hem de pratikli\u011fe imkan tan\u0131yan \u00e7\u00f6z\u00fcmlerdir.<\/li>\n<\/ul>\n<p>Hangi t\u00fcr stand\u0131n markan\u0131z i\u00e7in daha uygun olaca\u011f\u0131n\u0131 belirlerken, fuar stand\u0131 yapan firmalar ile g\u00f6r\u00fc\u015ferek profesyonel tavsiye alman\u0131z \u00f6nemlidir.<\/p>\n<h3>\u0130lgili Yaz\u0131lar<\/h3>\n<ul>\n<li><a href=\"https:\/\/www.indesignmimarlik.com\/ahsap-fuar-standi-tasarimi\/\">Ah\u015fap Fuar Stand\u0131 Tasar\u0131m\u0131 | Profesyonel Fuar Stand\u0131 \u00c7\u00f6z\u00fcmleri<\/a><\/li>\n<li><a href=\"https:\/\/www.indesignmimarlik.com\/ahsap-fuar-standi-fiyatlari\/\">Ah\u015fap Fuar Stand\u0131 Fiyatlar\u0131 | Profesyonel Fuar Stand\u0131 \u00c7\u00f6z\u00fcmleri<\/a><\/li>\n<li><a href=\"https:\/\/www.indesignmimarlik.com\/fuar-standi-fiyatlari-hesaplama\/\">Fuar Stand\u0131 Fiyatlar\u0131 Hesaplama | Profesyonel Fuar Stand\u0131 \u00c7\u00f6z\u00fcmleri<\/a><\/li>\n<\/ul>\n<h3>Fuar Stand\u0131 Fiyatlar\u0131n\u0131 Etkileyen Fakt\u00f6rler<\/h3>\n<p>Fuar stand\u0131 fiyatlar\u0131, bir\u00e7ok de\u011fi\u015fkene ba\u011fl\u0131 olarak farkl\u0131l\u0131k g\u00f6sterir. Stand\u0131n b\u00fcy\u00fckl\u00fc\u011f\u00fc (metrekare), kullan\u0131lan malzemelerin kalitesi, tasar\u0131m\u0131n karma\u015f\u0131kl\u0131\u011f\u0131, \u00f6zel \u00fcretim detaylar\u0131, ayd\u0131nlatma, g\u00f6rsel materyaller, teknolojik entegrasyonlar ve fuar alan\u0131ndaki ek hizmetler (elektrik, su vb.) fiyatlar\u0131 do\u011frudan etkiler. <strong>Fuar stand\u0131 yapan firmalar<\/strong>, projenizin detaylar\u0131na g\u00f6re size \u00f6zel bir fiyat teklifi sunacakt\u0131r. Bu nedenle, b\u00fct\u00e7enizi belirlerken bu fakt\u00f6rleri g\u00f6z \u00f6n\u00fcnde bulundurman\u0131z ve firmalarla detayl\u0131 bir g\u00f6r\u00fc\u015fme yapman\u0131z \u00f6nerilir.<\/p>\n<h3>Neden Profesyonel Fuar Mimarl\u0131k Hizmeti Almal\u0131s\u0131n\u0131z?<\/h3>\n<p>Bir <strong>fuar mimarl\u0131k<\/strong> firmas\u0131 ile \u00e7al\u0131\u015fmak, fuar stand\u0131n\u0131z\u0131n sadece estetik de\u011fil, ayn\u0131 zamanda i\u015flevsel ve stratejik bir unsur olmas\u0131n\u0131 sa\u011flar. Profesyonel ekipler, mekan\u0131n en iyi \u015fekilde kullan\u0131lmas\u0131n\u0131 sa\u011flayacak, ziyaret\u00e7i ak\u0131\u015f\u0131n\u0131 optimize edecek ve markan\u0131z\u0131n mesaj\u0131n\u0131 en etkili \u015fekilde iletecek tasar\u0131mlar geli\u015ftirir. Bu uzmanl\u0131k, sizin operasyonel y\u00fck\u00fcn\u00fcz\u00fc azalt\u0131rken, fuar kat\u0131l\u0131m\u0131n\u0131z\u0131n ba\u015far\u0131s\u0131n\u0131 art\u0131r\u0131r. <em>Fuar mimarl\u0131k<\/em> hizmetleri, markan\u0131z\u0131n profesyonel imaj\u0131n\u0131 g\u00fc\u00e7lendirerek hedef kitleniz nezdinde g\u00fcven olu\u015fturur.<\/p>\n<h3>Sonu\u00e7<\/h3>\n<p>Fuar organizasyonlar\u0131nda ba\u015far\u0131l\u0131 olmak, do\u011fru strateji ve profesyonel destekle m\u00fcmk\u00fcnd\u00fcr. Markan\u0131z\u0131n kimli\u011fini en iyi \u015fekilde yans\u0131tan, ziyaret\u00e7ilerle etkile\u015fim kurman\u0131z\u0131 kolayla\u015ft\u0131ran ve rekabette \u00f6ne \u00e7\u0131kman\u0131z\u0131 sa\u011flayan bir fuar stand\u0131 i\u00e7in g\u00fcvenilir <strong>fuar stand\u0131 yapan firmalar<\/strong> ile \u00e7al\u0131\u015fmak en ak\u0131ll\u0131ca yoldur. \u0130htiya\u00e7lar\u0131n\u0131za en uygun stand t\u00fcr\u00fcn\u00fc belirlemek, b\u00fct\u00e7enizi do\u011fru y\u00f6netmek ve fuar hedeflerinize ula\u015fmak i\u00e7in bir uzmanla g\u00f6r\u00fc\u015fmek, yat\u0131r\u0131m\u0131n\u0131z\u0131n kar\u015f\u0131l\u0131\u011f\u0131n\u0131 alman\u0131z\u0131 sa\u011flayacakt\u0131r. Markan\u0131z\u0131n fuardaki y\u00fcz\u00fc olacak stand\u0131n\u0131z i\u00e7in profesyonel \u00e7\u00f6z\u00fcmler \u00fcretmeye haz\u0131r\u0131z.<\/p>\n","protected":false},"excerpt":{"rendered":"<p>En iyi fuar stand\u0131 yapan firmalar ile markan\u0131z i\u00e7in dikkat \u00e7ekici ve fonksiyonel standlar tasarlay\u0131n. Fuar ba\u015far\u0131n\u0131z\u0131 garanti alt\u0131na al\u0131n. <\/p>\n","protected":false},"author":1,"featured_media":0,"comment_status":"closed","ping_status":"closed","sticky":false,"template":"","format":"standard","meta":{"footnotes":""},"categories":[1],"tags":[192,195,196,197,188,190,191,189,194,193],"class_list":["post-5600","post","type-post","status-publish","format-standard","hentry","category-genel","tag-ahsap-fuar-standi","tag-fuar-mimarlik","tag-fuar-stand-firmalari","tag-fuar-stand-uretimi","tag-fuar-standi","tag-fuar-standi-fiyatlari","tag-fuar-standi-kiralama","tag-fuar-standi-tasarimi","tag-istanbul-fuar-standi","tag-moduler-fuar-standi"],"yoast_head":"<!-- This site is optimized with the Yoast SEO plugin v27.3 - https:\/\/yoast.com\/product\/yoast-seo-wordpress\/ -->\n<title>fuar stand\u0131 yapan firmalar | Profesyonel Fuar Stand\u0131 \u00c7\u00f6z\u00fcmleri - InDesign Architecture<\/title>\n<meta name=\"description\" content=\"En iyi fuar stand\u0131 yapan firmalar ile markan\u0131z i\u00e7in dikkat \u00e7ekici ve fonksiyonel standlar tasarlay\u0131n. Fuar ba\u015far\u0131n\u0131z\u0131 garanti alt\u0131na al\u0131n.\" \/>\n<meta name=\"robots\" content=\"index, follow, max-snippet:-1, max-image-preview:large, max-video-preview:-1\" \/>\n<link rel=\"canonical\" href=\"https:\/\/www.indesignmimarlik.com\/fuar-standi-yapan-firmalar-profesyonel-cozumler\/\" \/>\n<meta property=\"og:locale\" content=\"en_US\" \/>\n<meta property=\"og:type\" content=\"article\" \/>\n<meta property=\"og:title\" content=\"fuar stand\u0131 yapan firmalar | Profesyonel Fuar Stand\u0131 \u00c7\u00f6z\u00fcmleri - [:tr]InDesign Mimarl\u0131k[:en]InDesign Architecture[:]\" \/>\n<meta property=\"og:description\" content=\"En iyi fuar stand\u0131 yapan firmalar ile markan\u0131z i\u00e7in dikkat \u00e7ekici ve fonksiyonel standlar tasarlay\u0131n. Fuar ba\u015far\u0131n\u0131z\u0131 garanti alt\u0131na al\u0131n.\" \/>\n<meta property=\"og:url\" content=\"https:\/\/www.indesignmimarlik.com\/fuar-standi-yapan-firmalar-profesyonel-cozumler\/\" \/>\n<meta property=\"og:site_name\" content=\"[:tr]InDesign Mimarl\u0131k[:en]InDesign Architecture[:]\" \/>\n<meta property=\"article:publisher\" content=\"https:\/\/www.facebook.com\/INDESIGNMIMARLIK\/\" \/>\n<meta property=\"article:published_time\" content=\"2026-04-11T09:20:01+00:00\" \/>\n<meta property=\"og:image\" content=\"https:\/\/www.indesignmimarlik.com\/wp-content\/uploads\/2026\/04\/indesign-mimarlik-og-image.jpg\" \/>\n\t<meta property=\"og:image:width\" content=\"1280\" \/>\n\t<meta property=\"og:image:height\" content=\"720\" \/>\n\t<meta property=\"og:image:type\" content=\"image\/jpeg\" \/>\n<meta name=\"author\" content=\"admin\" \/>\n<meta name=\"twitter:card\" content=\"summary_large_image\" \/>\n<meta name=\"twitter:label1\" content=\"Written by\" \/>\n\t<meta name=\"twitter:data1\" content=\"admin\" \/>\n\t<meta name=\"twitter:label2\" content=\"Est. reading time\" \/>\n\t<meta name=\"twitter:data2\" content=\"6 minutes\" \/>\n<script type=\"application\/ld+json\" class=\"yoast-schema-graph\">{\"@context\":\"https:\\\/\\\/schema.org\",\"@graph\":[{\"@type\":\"Article\",\"@id\":\"https:\\\/\\\/www.indesignmimarlik.com\\\/fuar-standi-yapan-firmalar-profesyonel-cozumler\\\/#article\",\"isPartOf\":{\"@id\":\"https:\\\/\\\/www.indesignmimarlik.com\\\/fuar-standi-yapan-firmalar-profesyonel-cozumler\\\/\"},\"author\":{\"name\":\"admin\",\"@id\":\"https:\\\/\\\/www.indesignmimarlik.com\\\/#\\\/schema\\\/person\\\/51561a858ae73ac56b7545d8e81c0ab1\"},\"headline\":\"fuar stand\u0131 yapan firmalar | Profesyonel Fuar Stand\u0131 \u00c7\u00f6z\u00fcmleri\",\"datePublished\":\"2026-04-11T09:20:01+00:00\",\"mainEntityOfPage\":{\"@id\":\"https:\\\/\\\/www.indesignmimarlik.com\\\/fuar-standi-yapan-firmalar-profesyonel-cozumler\\\/\"},\"wordCount\":1019,\"publisher\":{\"@id\":\"https:\\\/\\\/www.indesignmimarlik.com\\\/#organization\"},\"keywords\":[\"ah\u015fap fuar stand\u0131\",\"fuar mimarl\u0131k\",\"fuar stand firmalar\u0131\",\"fuar stand \u00fcretimi\",\"fuar stand\u0131\",\"fuar stand\u0131 fiyatlar\u0131\",\"fuar stand\u0131 kiralama\",\"fuar stand\u0131 tasar\u0131m\u0131\",\"istanbul fuar stand\u0131\",\"mod\u00fcler fuar stand\u0131\"],\"articleSection\":[\"Genel\"],\"inLanguage\":\"en-US\"},{\"@type\":\"WebPage\",\"@id\":\"https:\\\/\\\/www.indesignmimarlik.com\\\/fuar-standi-yapan-firmalar-profesyonel-cozumler\\\/\",\"url\":\"https:\\\/\\\/www.indesignmimarlik.com\\\/fuar-standi-yapan-firmalar-profesyonel-cozumler\\\/\",\"name\":\"fuar stand\u0131 yapan firmalar | Profesyonel Fuar Stand\u0131 \u00c7\u00f6z\u00fcmleri - [:tr]InDesign Mimarl\u0131k[:en]InDesign Architecture[:]\",\"isPartOf\":{\"@id\":\"https:\\\/\\\/www.indesignmimarlik.com\\\/#website\"},\"datePublished\":\"2026-04-11T09:20:01+00:00\",\"description\":\"En iyi fuar stand\u0131 yapan firmalar ile markan\u0131z i\u00e7in dikkat \u00e7ekici ve fonksiyonel standlar tasarlay\u0131n. Fuar ba\u015far\u0131n\u0131z\u0131 garanti alt\u0131na al\u0131n.\",\"breadcrumb\":{\"@id\":\"https:\\\/\\\/www.indesignmimarlik.com\\\/fuar-standi-yapan-firmalar-profesyonel-cozumler\\\/#breadcrumb\"},\"inLanguage\":\"en-US\",\"potentialAction\":[{\"@type\":\"ReadAction\",\"target\":[\"https:\\\/\\\/www.indesignmimarlik.com\\\/fuar-standi-yapan-firmalar-profesyonel-cozumler\\\/\"]}]},{\"@type\":\"BreadcrumbList\",\"@id\":\"https:\\\/\\\/www.indesignmimarlik.com\\\/fuar-standi-yapan-firmalar-profesyonel-cozumler\\\/#breadcrumb\",\"itemListElement\":[{\"@type\":\"ListItem\",\"position\":1,\"name\":\"Anasayfa\",\"item\":\"https:\\\/\\\/www.indesignmimarlik.com\\\/\"},{\"@type\":\"ListItem\",\"position\":2,\"name\":\"fuar stand\u0131 yapan firmalar | Profesyonel Fuar Stand\u0131 \u00c7\u00f6z\u00fcmleri\"}]},{\"@type\":\"WebSite\",\"@id\":\"https:\\\/\\\/www.indesignmimarlik.com\\\/#website\",\"url\":\"https:\\\/\\\/www.indesignmimarlik.com\\\/\",\"name\":\"InDesign Mimarl\u0131k\",\"description\":\"Fuar Stand firmalar\u0131 | Fuar Stand fiyatlar\u0131 |  Fuar Stand\u0131 Yapan firmalar istanbul | Fuar Stand Tasar\u0131mlar\u0131 | Fuar Stand\u0131 kiralama | Mod\u00fcler Fuar stand\u0131 | Stand \u00fcretimi yapan firmalar\",\"publisher\":{\"@id\":\"https:\\\/\\\/www.indesignmimarlik.com\\\/#organization\"},\"potentialAction\":[{\"@type\":\"SearchAction\",\"target\":{\"@type\":\"EntryPoint\",\"urlTemplate\":\"https:\\\/\\\/www.indesignmimarlik.com\\\/?s={search_term_string}\"},\"query-input\":{\"@type\":\"PropertyValueSpecification\",\"valueRequired\":true,\"valueName\":\"search_term_string\"}}],\"inLanguage\":\"en-US\"},{\"@type\":\"Organization\",\"@id\":\"https:\\\/\\\/www.indesignmimarlik.com\\\/#organization\",\"name\":\"InDesign Mimarl\u0131k\",\"url\":\"https:\\\/\\\/www.indesignmimarlik.com\\\/\",\"logo\":{\"@type\":\"ImageObject\",\"inLanguage\":\"en-US\",\"@id\":\"https:\\\/\\\/www.indesignmimarlik.com\\\/#\\\/schema\\\/logo\\\/image\\\/\",\"url\":\"https:\\\/\\\/www.indesignmimarlik.com\\\/wp-content\\\/uploads\\\/2020\\\/06\\\/indesign-mimarlik-logo221120112-SON.png\",\"contentUrl\":\"https:\\\/\\\/www.indesignmimarlik.com\\\/wp-content\\\/uploads\\\/2020\\\/06\\\/indesign-mimarlik-logo221120112-SON.png\",\"width\":300,\"height\":91,\"caption\":\"InDesign Mimarl\u0131k\"},\"image\":{\"@id\":\"https:\\\/\\\/www.indesignmimarlik.com\\\/#\\\/schema\\\/logo\\\/image\\\/\"},\"sameAs\":[\"https:\\\/\\\/www.facebook.com\\\/INDESIGNMIMARLIK\\\/\"]},{\"@type\":\"Person\",\"@id\":\"https:\\\/\\\/www.indesignmimarlik.com\\\/#\\\/schema\\\/person\\\/51561a858ae73ac56b7545d8e81c0ab1\",\"name\":\"admin\",\"image\":{\"@type\":\"ImageObject\",\"inLanguage\":\"en-US\",\"@id\":\"https:\\\/\\\/secure.gravatar.com\\\/avatar\\\/edfc38b7686be42955dc183a47d17d1ed95653d8f39336c679260b941f8809b8?s=96&d=mm&r=g\",\"url\":\"https:\\\/\\\/secure.gravatar.com\\\/avatar\\\/edfc38b7686be42955dc183a47d17d1ed95653d8f39336c679260b941f8809b8?s=96&d=mm&r=g\",\"contentUrl\":\"https:\\\/\\\/secure.gravatar.com\\\/avatar\\\/edfc38b7686be42955dc183a47d17d1ed95653d8f39336c679260b941f8809b8?s=96&d=mm&r=g\",\"caption\":\"admin\"},\"url\":\"https:\\\/\\\/www.indesignmimarlik.com\\\/en\\\/author\\\/adapod\\\/\"}]}<\/script>\n<!-- \/ Yoast SEO plugin. -->","yoast_head_json":{"title":"fuar stand\u0131 yapan firmalar | Profesyonel Fuar Stand\u0131 \u00c7\u00f6z\u00fcmleri - [:tr]InDesign Mimarl\u0131k[:en]InDesign Architecture[:]","description":"En iyi fuar stand\u0131 yapan firmalar ile markan\u0131z i\u00e7in dikkat \u00e7ekici ve fonksiyonel standlar tasarlay\u0131n. Fuar ba\u015far\u0131n\u0131z\u0131 garanti alt\u0131na al\u0131n.","robots":{"index":"index","follow":"follow","max-snippet":"max-snippet:-1","max-image-preview":"max-image-preview:large","max-video-preview":"max-video-preview:-1"},"canonical":"https:\/\/www.indesignmimarlik.com\/fuar-standi-yapan-firmalar-profesyonel-cozumler\/","og_locale":"en_US","og_type":"article","og_title":"fuar stand\u0131 yapan firmalar | Profesyonel Fuar Stand\u0131 \u00c7\u00f6z\u00fcmleri - [:tr]InDesign Mimarl\u0131k[:en]InDesign Architecture[:]","og_description":"En iyi fuar stand\u0131 yapan firmalar ile markan\u0131z i\u00e7in dikkat \u00e7ekici ve fonksiyonel standlar tasarlay\u0131n. Fuar ba\u015far\u0131n\u0131z\u0131 garanti alt\u0131na al\u0131n.","og_url":"https:\/\/www.indesignmimarlik.com\/fuar-standi-yapan-firmalar-profesyonel-cozumler\/","og_site_name":"[:tr]InDesign Mimarl\u0131k[:en]InDesign Architecture[:]","article_publisher":"https:\/\/www.facebook.com\/INDESIGNMIMARLIK\/","article_published_time":"2026-04-11T09:20:01+00:00","og_image":[{"width":1280,"height":720,"url":"https:\/\/www.indesignmimarlik.com\/wp-content\/uploads\/2026\/04\/indesign-mimarlik-og-image.jpg","type":"image\/jpeg"}],"author":"admin","twitter_card":"summary_large_image","twitter_misc":{"Written by":"admin","Est. reading time":"6 minutes"},"schema":{"@context":"https:\/\/schema.org","@graph":[{"@type":"Article","@id":"https:\/\/www.indesignmimarlik.com\/fuar-standi-yapan-firmalar-profesyonel-cozumler\/#article","isPartOf":{"@id":"https:\/\/www.indesignmimarlik.com\/fuar-standi-yapan-firmalar-profesyonel-cozumler\/"},"author":{"name":"admin","@id":"https:\/\/www.indesignmimarlik.com\/#\/schema\/person\/51561a858ae73ac56b7545d8e81c0ab1"},"headline":"fuar stand\u0131 yapan firmalar | Profesyonel Fuar Stand\u0131 \u00c7\u00f6z\u00fcmleri","datePublished":"2026-04-11T09:20:01+00:00","mainEntityOfPage":{"@id":"https:\/\/www.indesignmimarlik.com\/fuar-standi-yapan-firmalar-profesyonel-cozumler\/"},"wordCount":1019,"publisher":{"@id":"https:\/\/www.indesignmimarlik.com\/#organization"},"keywords":["ah\u015fap fuar stand\u0131","fuar mimarl\u0131k","fuar stand firmalar\u0131","fuar stand \u00fcretimi","fuar stand\u0131","fuar stand\u0131 fiyatlar\u0131","fuar stand\u0131 kiralama","fuar stand\u0131 tasar\u0131m\u0131","istanbul fuar stand\u0131","mod\u00fcler fuar stand\u0131"],"articleSection":["Genel"],"inLanguage":"en-US"},{"@type":"WebPage","@id":"https:\/\/www.indesignmimarlik.com\/fuar-standi-yapan-firmalar-profesyonel-cozumler\/","url":"https:\/\/www.indesignmimarlik.com\/fuar-standi-yapan-firmalar-profesyonel-cozumler\/","name":"fuar stand\u0131 yapan firmalar | Profesyonel Fuar Stand\u0131 \u00c7\u00f6z\u00fcmleri - [:tr]InDesign Mimarl\u0131k[:en]InDesign Architecture[:]","isPartOf":{"@id":"https:\/\/www.indesignmimarlik.com\/#website"},"datePublished":"2026-04-11T09:20:01+00:00","description":"En iyi fuar stand\u0131 yapan firmalar ile markan\u0131z i\u00e7in dikkat \u00e7ekici ve fonksiyonel standlar tasarlay\u0131n. Fuar ba\u015far\u0131n\u0131z\u0131 garanti alt\u0131na al\u0131n.","breadcrumb":{"@id":"https:\/\/www.indesignmimarlik.com\/fuar-standi-yapan-firmalar-profesyonel-cozumler\/#breadcrumb"},"inLanguage":"en-US","potentialAction":[{"@type":"ReadAction","target":["https:\/\/www.indesignmimarlik.com\/fuar-standi-yapan-firmalar-profesyonel-cozumler\/"]}]},{"@type":"BreadcrumbList","@id":"https:\/\/www.indesignmimarlik.com\/fuar-standi-yapan-firmalar-profesyonel-cozumler\/#breadcrumb","itemListElement":[{"@type":"ListItem","position":1,"name":"Anasayfa","item":"https:\/\/www.indesignmimarlik.com\/"},{"@type":"ListItem","position":2,"name":"fuar stand\u0131 yapan firmalar | Profesyonel Fuar Stand\u0131 \u00c7\u00f6z\u00fcmleri"}]},{"@type":"WebSite","@id":"https:\/\/www.indesignmimarlik.com\/#website","url":"https:\/\/www.indesignmimarlik.com\/","name":"InDesign Mimarl\u0131k","description":"Fuar Stand firmalar\u0131 | Fuar Stand fiyatlar\u0131 |  Fuar Stand\u0131 Yapan firmalar istanbul | Fuar Stand Tasar\u0131mlar\u0131 | Fuar Stand\u0131 kiralama | Mod\u00fcler Fuar stand\u0131 | Stand \u00fcretimi yapan firmalar","publisher":{"@id":"https:\/\/www.indesignmimarlik.com\/#organization"},"potentialAction":[{"@type":"SearchAction","target":{"@type":"EntryPoint","urlTemplate":"https:\/\/www.indesignmimarlik.com\/?s={search_term_string}"},"query-input":{"@type":"PropertyValueSpecification","valueRequired":true,"valueName":"search_term_string"}}],"inLanguage":"en-US"},{"@type":"Organization","@id":"https:\/\/www.indesignmimarlik.com\/#organization","name":"InDesign Mimarl\u0131k","url":"https:\/\/www.indesignmimarlik.com\/","logo":{"@type":"ImageObject","inLanguage":"en-US","@id":"https:\/\/www.indesignmimarlik.com\/#\/schema\/logo\/image\/","url":"https:\/\/www.indesignmimarlik.com\/wp-content\/uploads\/2020\/06\/indesign-mimarlik-logo221120112-SON.png","contentUrl":"https:\/\/www.indesignmimarlik.com\/wp-content\/uploads\/2020\/06\/indesign-mimarlik-logo221120112-SON.png","width":300,"height":91,"caption":"InDesign Mimarl\u0131k"},"image":{"@id":"https:\/\/www.indesignmimarlik.com\/#\/schema\/logo\/image\/"},"sameAs":["https:\/\/www.facebook.com\/INDESIGNMIMARLIK\/"]},{"@type":"Person","@id":"https:\/\/www.indesignmimarlik.com\/#\/schema\/person\/51561a858ae73ac56b7545d8e81c0ab1","name":"admin","image":{"@type":"ImageObject","inLanguage":"en-US","@id":"https:\/\/secure.gravatar.com\/avatar\/edfc38b7686be42955dc183a47d17d1ed95653d8f39336c679260b941f8809b8?s=96&d=mm&r=g","url":"https:\/\/secure.gravatar.com\/avatar\/edfc38b7686be42955dc183a47d17d1ed95653d8f39336c679260b941f8809b8?s=96&d=mm&r=g","contentUrl":"https:\/\/secure.gravatar.com\/avatar\/edfc38b7686be42955dc183a47d17d1ed95653d8f39336c679260b941f8809b8?s=96&d=mm&r=g","caption":"admin"},"url":"https:\/\/www.indesignmimarlik.com\/en\/author\/adapod\/"}]}},"_links":{"self":[{"href":"https:\/\/www.indesignmimarlik.com\/en\/wp-json\/wp\/v2\/posts\/5600","targetHints":{"allow":["GET"]}}],"collection":[{"href":"https:\/\/www.indesignmimarlik.com\/en\/wp-json\/wp\/v2\/posts"}],"about":[{"href":"https:\/\/www.indesignmimarlik.com\/en\/wp-json\/wp\/v2\/types\/post"}],"author":[{"embeddable":true,"href":"https:\/\/www.indesignmimarlik.com\/en\/wp-json\/wp\/v2\/users\/1"}],"replies":[{"embeddable":true,"href":"https:\/\/www.indesignmimarlik.com\/en\/wp-json\/wp\/v2\/comments?post=5600"}],"version-history":[{"count":1,"href":"https:\/\/www.indesignmimarlik.com\/en\/wp-json\/wp\/v2\/posts\/5600\/revisions"}],"predecessor-version":[{"id":5601,"href":"https:\/\/www.indesignmimarlik.com\/en\/wp-json\/wp\/v2\/posts\/5600\/revisions\/5601"}],"wp:attachment":[{"href":"https:\/\/www.indesignmimarlik.com\/en\/wp-json\/wp\/v2\/media?parent=5600"}],"wp:term":[{"taxonomy":"category","embeddable":true,"href":"https:\/\/www.indesignmimarlik.com\/en\/wp-json\/wp\/v2\/categories?post=5600"},{"taxonomy":"post_tag","embeddable":true,"href":"https:\/\/www.indesignmimarlik.com\/en\/wp-json\/wp\/v2\/tags?post=5600"}],"curies":[{"name":"wp","href":"https:\/\/api.w.org\/{rel}","templated":true}]}}