{"id":5602,"date":"2026-04-11T12:21:34","date_gmt":"2026-04-11T09:21:34","guid":{"rendered":"https:\/\/www.indesignmimarlik.com\/modular-fuar-standi-profesyonel-cozumler\/"},"modified":"2026-04-11T12:21:34","modified_gmt":"2026-04-11T09:21:34","slug":"modular-fuar-standi-profesyonel-cozumler","status":"publish","type":"post","link":"https:\/\/www.indesignmimarlik.com\/en\/modular-fuar-standi-profesyonel-cozumler\/","title":{"rendered":"Mod\u00fcler Fuar Stand\u0131 | Profesyonel Fuar Stand\u0131 \u00c7\u00f6z\u00fcmleri"},"content":{"rendered":"<p>Fuar kat\u0131l\u0131mc\u0131lar\u0131 i\u00e7in <strong>mod\u00fcler fuar stand\u0131<\/strong>, hem maliyet etkinli\u011fi hem de h\u0131zl\u0131 kurulum avantajlar\u0131yla \u00f6ne \u00e7\u0131kan ak\u0131ll\u0131 bir \u00e7\u00f6z\u00fcmd\u00fcr. Markan\u0131z\u0131n tan\u0131t\u0131m\u0131n\u0131 en etkili \u015fekilde yapabilmek ve hedef kitlenize ula\u015fabilmek ad\u0131na do\u011fru fuar stand\u0131 se\u00e7imi b\u00fcy\u00fck \u00f6nem ta\u015f\u0131r. Bu rehberimizde, mod\u00fcler fuar standlar\u0131n\u0131n sundu\u011fu f\u0131rsatlar\u0131 ve fuar alan\u0131nda markan\u0131z\u0131n fark edilmesini sa\u011flayacak stratejileri inceleyece\u011fiz.<\/p>\n<h2>Fuar Stand\u0131 Se\u00e7erken Dikkat Edilmesi Gerekenler<\/h2>\n<p>Etkili bir fuar deneyimi i\u00e7in stand se\u00e7imi kritiktir. <em>Marka kimli\u011finizi<\/em> yans\u0131tan, hedef kitlenizin ilgisini \u00e7ekecek ve b\u00fct\u00e7enize uygun bir stand modeli bulmak \u00f6nemlidir. Mod\u00fcler fuar stand\u0131, esnek yap\u0131s\u0131yla farkl\u0131 fuar alanlar\u0131na ve ihtiya\u00e7lara kolayca uyum sa\u011flayabilir. Stand\u0131n\u0131z\u0131n hem estetik hem de i\u015flevsel olmas\u0131, ziyaret\u00e7ilerle kuraca\u011f\u0131n\u0131z ileti\u015fimin kalitesini do\u011frudan etkileyecektir. Bu nedenle, stand\u0131n\u0131z\u0131n yerle\u015fimi, \u00fcr\u00fcnlerinizin sergilenme \u015fekli ve marka mesaj\u0131n\u0131z\u0131n net bir \u015fekilde iletilmesi gibi unsurlar\u0131 g\u00f6z \u00f6n\u00fcnde bulundurmal\u0131s\u0131n\u0131z.<\/p>\n<h2>Mod\u00fcler Fuar Stand\u0131 Avantajlar\u0131<\/h2>\n<p><strong>Mod\u00fcler fuar stand\u0131<\/strong> sistemleri, \u00f6nceden \u00fcretilmi\u015f panellerin ve ba\u011flant\u0131 elemanlar\u0131n\u0131n bir araya getirilmesiyle olu\u015fturulur. Bu, kurulum ve s\u00f6k\u00fcm s\u00fcre\u00e7lerini inan\u0131lmaz derecede h\u0131zland\u0131r\u0131r. Ayr\u0131ca, bu sistemlerin yeniden yap\u0131land\u0131r\u0131labilir olmas\u0131, farkl\u0131 fuarlar i\u00e7in ayn\u0131 malzemeleri kullanarak farkl\u0131 tasar\u0131mlar elde etmenizi sa\u011flar. Bu da <em>maliyet tasarrufu<\/em> anlam\u0131na gelir. Mod\u00fcler tasar\u0131mlar, genellikle hafif ve ta\u015f\u0131nabilir malzemelerden yap\u0131ld\u0131\u011f\u0131 i\u00e7in nakliye masraflar\u0131n\u0131 da d\u00fc\u015f\u00fcr\u00fcr. Bir di\u011fer \u00f6nemli avantaj\u0131 ise \u00e7evre dostu olmalar\u0131d\u0131r; \u00e7\u00fcnk\u00fc uzun \u00f6m\u00fcrl\u00fcd\u00fcrler ve malzeme israf\u0131n\u0131 azalt\u0131rlar.<\/p>\n<h3>Fuar Stand\u0131 T\u00fcrleri ve Mod\u00fcler \u00c7\u00f6z\u00fcmler<\/h3>\n<p>Fuar stand\u0131 denince akla gelen bir\u00e7ok farkl\u0131 t\u00fcr bulunur. Geleneksel ah\u015fap fuar standlar\u0131, \u00f6zel tasar\u0131mlar i\u00e7in esneklik sunsa da kurulum s\u00fcreleri ve maliyetleri daha y\u00fcksek olabilir. Mod\u00fcler fuar standlar\u0131 ise bu noktada \u00f6nemli bir alternatif sunar. <em>Tekrar kullan\u0131labilirlik<\/em> ve <em>h\u0131zl\u0131 kurulum<\/em> gibi \u00f6zellikleri sayesinde, \u00f6zellikle s\u0131k fuar kat\u0131l\u0131m\u0131 ger\u00e7ekle\u015ftiren firmalar i\u00e7in idealdir. Fuar mimarl\u0131\u011f\u0131 prensipleriyle tasarlanan mod\u00fcler standlar, estetikten \u00f6d\u00fcn vermeden i\u015flevselli\u011fi \u00f6n plana \u00e7\u0131kar\u0131r. Hangi fuar stand\u0131 t\u00fcr\u00fcn\u00fc se\u00e7erseniz se\u00e7in, markan\u0131z\u0131n mesaj\u0131n\u0131 net bir \u015fekilde iletecek, ziyaret\u00e7ilerin dikkatini \u00e7ekecek ve onlara unutulmaz bir deneyim sunacak bir tasar\u0131m hedeflemelisiniz.<\/p>\n<h2>Fuar Stand\u0131 Fiyatlar\u0131n\u0131 Etkileyen Fakt\u00f6rler<\/h2>\n<p>Fuar stand\u0131 fiyatlar\u0131, bir\u00e7ok de\u011fi\u015fkene ba\u011fl\u0131 olarak farkl\u0131l\u0131k g\u00f6sterir. Stand\u0131n boyutu, kullan\u0131lan malzemeler, tasar\u0131m\u0131n karma\u015f\u0131kl\u0131\u011f\u0131 ve ek hizmetler (ayd\u0131nlatma, dijital ekranlar, \u00f6zel mobilyalar vb.) fiyatland\u0131rmada rol oynar. Mod\u00fcler fuar stand\u0131 kiralamak veya sat\u0131n almak genellikle daha \u00f6ng\u00f6r\u00fclebilir bir maliyet sunar. <strong>Mod\u00fcler fuar stand\u0131<\/strong> fiyatlar\u0131, stand\u0131n metrekaresi, kullan\u0131lan panel tipleri ve ek mod\u00fcllerin say\u0131s\u0131na g\u00f6re belirlenir. Kiralama se\u00e7ene\u011fi, \u00f6zellikle b\u00fct\u00e7e k\u0131s\u0131tlamas\u0131 olan veya tek seferlik fuar kat\u0131l\u0131mlar\u0131 i\u00e7in daha avantajl\u0131 olabilir. Fuar stand\u0131 yapan firmalar ile g\u00f6r\u00fc\u015ferek ihtiya\u00e7lar\u0131n\u0131za en uygun \u00e7\u00f6z\u00fcm\u00fc ve fiyat teklifini alabilirsiniz.<\/p>\n<h3>\u0130lgili Yaz\u0131lar<\/h3>\n<ul>\n<li><a href=\"https:\/\/www.indesignmimarlik.com\/fuar-standi-promosyon-urunleri-en-etkili-hediyeler-ve-dagitim-stratejileri-2026\/\">Fuar Stand\u0131 Promosyon \u00dcr\u00fcnleri: En Etkili Hediyeler ve Da\u011f\u0131t\u0131m Stratejileri (2026)<\/a><\/li>\n<li><a href=\"https:\/\/www.indesignmimarlik.com\/fuar-standi-kiralama-istanbul-2\/\">Fuar Stand\u0131 Kiralama \u0130stanbul | Profesyonel Fuar Stand\u0131 \u00c7\u00f6z\u00fcmleri<\/a><\/li>\n<li><a href=\"https:\/\/www.indesignmimarlik.com\/modular-fuar-standi-avantajlari\/\">Mod\u00fcler Fuar Stand\u0131 Avantajlar\u0131 | Profesyonel Fuar Stand\u0131 \u00c7\u00f6z\u00fcmleri<\/a><\/li>\n<\/ul>\n<h2>Neden Profesyonel Fuar Mimarl\u0131k Hizmeti Almal\u0131s\u0131n\u0131z?<\/h2>\n<p>Fuar stand\u0131 sadece bir sergileme alan\u0131 de\u011fil, ayn\u0131 zamanda markan\u0131z\u0131n fiziksel bir temsilcisidir. Profesyonel bir <em>fuar mimarl\u0131k<\/em> hizmeti almak, stand\u0131n\u0131z\u0131n sadece g\u00f6rsel olarak \u00e7ekici olmas\u0131n\u0131 sa\u011flamakla kalmaz, ayn\u0131 zamanda i\u015flevsel, g\u00fcvenli ve marka hedeflerinize hizmet eden bir yap\u0131ya kavu\u015fmas\u0131n\u0131 sa\u011flar. Mod\u00fcler fuar stand\u0131 kullan\u0131yor olsan\u0131z bile, bu mod\u00fcllerin en etkili \u015fekilde nas\u0131l bir araya getirilece\u011fi, marka kimli\u011finizi nas\u0131l yans\u0131taca\u011f\u0131 ve ziyaret\u00e7i ak\u0131\u015f\u0131n\u0131 nas\u0131l optimize edece\u011fi konusunda uzman deste\u011fi almak fark yarat\u0131r. Profesyonel firmalar, sekt\u00f6rdeki g\u00fcncel trendleri takip eder ve size \u00f6zg\u00fcn, ak\u0131lda kal\u0131c\u0131 tasar\u0131mlar sunar. \u0130stanbul fuar stand\u0131 ihtiya\u00e7lar\u0131n\u0131z i\u00e7in de bu profesyonel yakla\u015f\u0131mdan faydalanabilirsiniz.<\/p>\n<h2>Sonu\u00e7<\/h2>\n<p>Fuar kat\u0131l\u0131mlar\u0131nda ba\u015far\u0131n\u0131n anahtar\u0131, markan\u0131z\u0131 en iyi \u015fekilde temsil eden, hedef kitlenizle etkili ileti\u015fim kurman\u0131z\u0131 sa\u011flayan ve yat\u0131r\u0131m getirisini maksimize eden bir fuar stand\u0131 kurmaktan ge\u00e7er. <strong>Mod\u00fcler fuar stand\u0131<\/strong> \u00e7\u00f6z\u00fcmleri, sundu\u011fu esneklik, maliyet etkinli\u011fi ve h\u0131zl\u0131 kurulum avantajlar\u0131yla \u00f6ne \u00e7\u0131karak bu hedeflere ula\u015fman\u0131za yard\u0131mc\u0131 olur. \u0130htiya\u00e7lar\u0131n\u0131za en uygun stand\u0131 belirlemek ve fuar\u0131n\u0131zdan maksimum verimi almak i\u00e7in profesyonel fuar stand\u0131 yapan firmalar ile ileti\u015fime ge\u00e7erek size \u00f6zel \u00e7\u00f6z\u00fcmler hakk\u0131nda bilgi alman\u0131z \u00f6nemlidir. Markan\u0131z\u0131n fuar alan\u0131ndaki g\u00f6r\u00fcn\u00fcrl\u00fc\u011f\u00fcn\u00fc art\u0131rmak ve potansiyel m\u00fc\u015fterilerinizle g\u00fc\u00e7l\u00fc ba\u011flar kurmak i\u00e7in stratejik bir fuar stand\u0131 tasar\u0131m\u0131 hayati \u00f6nem ta\u015f\u0131r.<\/p>\n","protected":false},"excerpt":{"rendered":"<p>Mod\u00fcler fuar stand\u0131 ile markan\u0131z\u0131 fuarlarda \u00f6ne \u00e7\u0131kar\u0131n. H\u0131zl\u0131 kurulum, maliyet etkinli\u011fi ve esnek tasar\u0131mlar i\u00e7in profesyonel \u00e7\u00f6z\u00fcmler&#8230; <\/p>\n","protected":false},"author":1,"featured_media":0,"comment_status":"closed","ping_status":"closed","sticky":false,"template":"","format":"standard","meta":{"footnotes":""},"categories":[1],"tags":[192,201,199,205,195,197,188,190,191,189,194,200,193,198],"class_list":["post-5602","post","type-post","status-publish","format-standard","hentry","category-genel","tag-ahsap-fuar-standi","tag-ankara-fuar-standi","tag-cnr-expo-fuar-standi","tag-fuar-firmalari","tag-fuar-mimarlik","tag-fuar-stand-uretimi","tag-fuar-standi","tag-fuar-standi-fiyatlari","tag-fuar-standi-kiralama","tag-fuar-standi-tasarimi","tag-istanbul-fuar-standi","tag-izmir-fuar-standi","tag-moduler-fuar-standi","tag-tuyap-fuar-standi"],"yoast_head":"<!-- This site is optimized with the Yoast SEO plugin v27.3 - https:\/\/yoast.com\/product\/yoast-seo-wordpress\/ -->\n<title>Mod\u00fcler Fuar Stand\u0131 | Profesyonel Fuar Stand\u0131 \u00c7\u00f6z\u00fcmleri - InDesign Architecture<\/title>\n<meta name=\"description\" content=\"Mod\u00fcler fuar stand\u0131 ile markan\u0131z\u0131 fuarlarda \u00f6ne \u00e7\u0131kar\u0131n. H\u0131zl\u0131 kurulum, maliyet etkinli\u011fi ve esnek tasar\u0131mlar i\u00e7in profesyonel \u00e7\u00f6z\u00fcmler...\" \/>\n<meta name=\"robots\" content=\"index, follow, max-snippet:-1, max-image-preview:large, max-video-preview:-1\" \/>\n<link rel=\"canonical\" href=\"https:\/\/www.indesignmimarlik.com\/modular-fuar-standi-profesyonel-cozumler\/\" \/>\n<meta property=\"og:locale\" content=\"en_US\" \/>\n<meta property=\"og:type\" content=\"article\" \/>\n<meta property=\"og:title\" content=\"Mod\u00fcler Fuar Stand\u0131 | Profesyonel Fuar Stand\u0131 \u00c7\u00f6z\u00fcmleri - [:tr]InDesign Mimarl\u0131k[:en]InDesign Architecture[:]\" \/>\n<meta property=\"og:description\" content=\"Mod\u00fcler fuar stand\u0131 ile markan\u0131z\u0131 fuarlarda \u00f6ne \u00e7\u0131kar\u0131n. H\u0131zl\u0131 kurulum, maliyet etkinli\u011fi ve esnek tasar\u0131mlar i\u00e7in profesyonel \u00e7\u00f6z\u00fcmler...\" \/>\n<meta property=\"og:url\" content=\"https:\/\/www.indesignmimarlik.com\/modular-fuar-standi-profesyonel-cozumler\/\" \/>\n<meta property=\"og:site_name\" content=\"[:tr]InDesign Mimarl\u0131k[:en]InDesign Architecture[:]\" \/>\n<meta property=\"article:publisher\" content=\"https:\/\/www.facebook.com\/INDESIGNMIMARLIK\/\" \/>\n<meta property=\"article:published_time\" content=\"2026-04-11T09:21:34+00:00\" \/>\n<meta property=\"og:image\" content=\"https:\/\/www.indesignmimarlik.com\/wp-content\/uploads\/2026\/04\/indesign-mimarlik-og-image.jpg\" \/>\n\t<meta property=\"og:image:width\" content=\"1280\" \/>\n\t<meta property=\"og:image:height\" content=\"720\" \/>\n\t<meta property=\"og:image:type\" content=\"image\/jpeg\" \/>\n<meta name=\"author\" content=\"admin\" \/>\n<meta name=\"twitter:card\" content=\"summary_large_image\" \/>\n<meta name=\"twitter:label1\" content=\"Written by\" \/>\n\t<meta name=\"twitter:data1\" content=\"admin\" \/>\n\t<meta name=\"twitter:label2\" content=\"Est. reading time\" \/>\n\t<meta name=\"twitter:data2\" content=\"5 minutes\" \/>\n<script type=\"application\/ld+json\" class=\"yoast-schema-graph\">{\"@context\":\"https:\\\/\\\/schema.org\",\"@graph\":[{\"@type\":\"Article\",\"@id\":\"https:\\\/\\\/www.indesignmimarlik.com\\\/modular-fuar-standi-profesyonel-cozumler\\\/#article\",\"isPartOf\":{\"@id\":\"https:\\\/\\\/www.indesignmimarlik.com\\\/modular-fuar-standi-profesyonel-cozumler\\\/\"},\"author\":{\"name\":\"admin\",\"@id\":\"https:\\\/\\\/www.indesignmimarlik.com\\\/#\\\/schema\\\/person\\\/51561a858ae73ac56b7545d8e81c0ab1\"},\"headline\":\"Mod\u00fcler Fuar Stand\u0131 | Profesyonel Fuar Stand\u0131 \u00c7\u00f6z\u00fcmleri\",\"datePublished\":\"2026-04-11T09:21:34+00:00\",\"mainEntityOfPage\":{\"@id\":\"https:\\\/\\\/www.indesignmimarlik.com\\\/modular-fuar-standi-profesyonel-cozumler\\\/\"},\"wordCount\":899,\"publisher\":{\"@id\":\"https:\\\/\\\/www.indesignmimarlik.com\\\/#organization\"},\"keywords\":[\"ah\u015fap fuar stand\u0131\",\"ankara fuar stand\u0131\",\"cnr expo fuar stand\u0131\",\"Fuar Firmalar\u0131\",\"fuar mimarl\u0131k\",\"fuar stand \u00fcretimi\",\"fuar stand\u0131\",\"fuar stand\u0131 fiyatlar\u0131\",\"fuar stand\u0131 kiralama\",\"fuar stand\u0131 tasar\u0131m\u0131\",\"istanbul fuar stand\u0131\",\"izmir fuar stand\u0131\",\"mod\u00fcler fuar stand\u0131\",\"t\u00fcyap fuar stand\u0131\"],\"articleSection\":[\"Genel\"],\"inLanguage\":\"en-US\"},{\"@type\":\"WebPage\",\"@id\":\"https:\\\/\\\/www.indesignmimarlik.com\\\/modular-fuar-standi-profesyonel-cozumler\\\/\",\"url\":\"https:\\\/\\\/www.indesignmimarlik.com\\\/modular-fuar-standi-profesyonel-cozumler\\\/\",\"name\":\"Mod\u00fcler Fuar Stand\u0131 | Profesyonel Fuar Stand\u0131 \u00c7\u00f6z\u00fcmleri - [:tr]InDesign Mimarl\u0131k[:en]InDesign Architecture[:]\",\"isPartOf\":{\"@id\":\"https:\\\/\\\/www.indesignmimarlik.com\\\/#website\"},\"datePublished\":\"2026-04-11T09:21:34+00:00\",\"description\":\"Mod\u00fcler fuar stand\u0131 ile markan\u0131z\u0131 fuarlarda \u00f6ne \u00e7\u0131kar\u0131n. H\u0131zl\u0131 kurulum, maliyet etkinli\u011fi ve esnek tasar\u0131mlar i\u00e7in profesyonel \u00e7\u00f6z\u00fcmler...\",\"breadcrumb\":{\"@id\":\"https:\\\/\\\/www.indesignmimarlik.com\\\/modular-fuar-standi-profesyonel-cozumler\\\/#breadcrumb\"},\"inLanguage\":\"en-US\",\"potentialAction\":[{\"@type\":\"ReadAction\",\"target\":[\"https:\\\/\\\/www.indesignmimarlik.com\\\/modular-fuar-standi-profesyonel-cozumler\\\/\"]}]},{\"@type\":\"BreadcrumbList\",\"@id\":\"https:\\\/\\\/www.indesignmimarlik.com\\\/modular-fuar-standi-profesyonel-cozumler\\\/#breadcrumb\",\"itemListElement\":[{\"@type\":\"ListItem\",\"position\":1,\"name\":\"Anasayfa\",\"item\":\"https:\\\/\\\/www.indesignmimarlik.com\\\/\"},{\"@type\":\"ListItem\",\"position\":2,\"name\":\"Mod\u00fcler Fuar Stand\u0131 | Profesyonel Fuar Stand\u0131 \u00c7\u00f6z\u00fcmleri\"}]},{\"@type\":\"WebSite\",\"@id\":\"https:\\\/\\\/www.indesignmimarlik.com\\\/#website\",\"url\":\"https:\\\/\\\/www.indesignmimarlik.com\\\/\",\"name\":\"InDesign Mimarl\u0131k\",\"description\":\"Fuar Stand firmalar\u0131 | Fuar Stand fiyatlar\u0131 |  Fuar Stand\u0131 Yapan firmalar istanbul | Fuar Stand Tasar\u0131mlar\u0131 | Fuar Stand\u0131 kiralama | Mod\u00fcler Fuar stand\u0131 | Stand \u00fcretimi yapan firmalar\",\"publisher\":{\"@id\":\"https:\\\/\\\/www.indesignmimarlik.com\\\/#organization\"},\"potentialAction\":[{\"@type\":\"SearchAction\",\"target\":{\"@type\":\"EntryPoint\",\"urlTemplate\":\"https:\\\/\\\/www.indesignmimarlik.com\\\/?s={search_term_string}\"},\"query-input\":{\"@type\":\"PropertyValueSpecification\",\"valueRequired\":true,\"valueName\":\"search_term_string\"}}],\"inLanguage\":\"en-US\"},{\"@type\":\"Organization\",\"@id\":\"https:\\\/\\\/www.indesignmimarlik.com\\\/#organization\",\"name\":\"InDesign Mimarl\u0131k\",\"url\":\"https:\\\/\\\/www.indesignmimarlik.com\\\/\",\"logo\":{\"@type\":\"ImageObject\",\"inLanguage\":\"en-US\",\"@id\":\"https:\\\/\\\/www.indesignmimarlik.com\\\/#\\\/schema\\\/logo\\\/image\\\/\",\"url\":\"https:\\\/\\\/www.indesignmimarlik.com\\\/wp-content\\\/uploads\\\/2020\\\/06\\\/indesign-mimarlik-logo221120112-SON.png\",\"contentUrl\":\"https:\\\/\\\/www.indesignmimarlik.com\\\/wp-content\\\/uploads\\\/2020\\\/06\\\/indesign-mimarlik-logo221120112-SON.png\",\"width\":300,\"height\":91,\"caption\":\"InDesign Mimarl\u0131k\"},\"image\":{\"@id\":\"https:\\\/\\\/www.indesignmimarlik.com\\\/#\\\/schema\\\/logo\\\/image\\\/\"},\"sameAs\":[\"https:\\\/\\\/www.facebook.com\\\/INDESIGNMIMARLIK\\\/\"]},{\"@type\":\"Person\",\"@id\":\"https:\\\/\\\/www.indesignmimarlik.com\\\/#\\\/schema\\\/person\\\/51561a858ae73ac56b7545d8e81c0ab1\",\"name\":\"admin\",\"image\":{\"@type\":\"ImageObject\",\"inLanguage\":\"en-US\",\"@id\":\"https:\\\/\\\/secure.gravatar.com\\\/avatar\\\/edfc38b7686be42955dc183a47d17d1ed95653d8f39336c679260b941f8809b8?s=96&d=mm&r=g\",\"url\":\"https:\\\/\\\/secure.gravatar.com\\\/avatar\\\/edfc38b7686be42955dc183a47d17d1ed95653d8f39336c679260b941f8809b8?s=96&d=mm&r=g\",\"contentUrl\":\"https:\\\/\\\/secure.gravatar.com\\\/avatar\\\/edfc38b7686be42955dc183a47d17d1ed95653d8f39336c679260b941f8809b8?s=96&d=mm&r=g\",\"caption\":\"admin\"},\"url\":\"https:\\\/\\\/www.indesignmimarlik.com\\\/en\\\/author\\\/adapod\\\/\"}]}<\/script>\n<!-- \/ Yoast SEO plugin. -->","yoast_head_json":{"title":"Mod\u00fcler Fuar Stand\u0131 | Profesyonel Fuar Stand\u0131 \u00c7\u00f6z\u00fcmleri - [:tr]InDesign Mimarl\u0131k[:en]InDesign Architecture[:]","description":"Mod\u00fcler fuar stand\u0131 ile markan\u0131z\u0131 fuarlarda \u00f6ne \u00e7\u0131kar\u0131n. H\u0131zl\u0131 kurulum, maliyet etkinli\u011fi ve esnek tasar\u0131mlar i\u00e7in profesyonel \u00e7\u00f6z\u00fcmler...","robots":{"index":"index","follow":"follow","max-snippet":"max-snippet:-1","max-image-preview":"max-image-preview:large","max-video-preview":"max-video-preview:-1"},"canonical":"https:\/\/www.indesignmimarlik.com\/modular-fuar-standi-profesyonel-cozumler\/","og_locale":"en_US","og_type":"article","og_title":"Mod\u00fcler Fuar Stand\u0131 | Profesyonel Fuar Stand\u0131 \u00c7\u00f6z\u00fcmleri - [:tr]InDesign Mimarl\u0131k[:en]InDesign Architecture[:]","og_description":"Mod\u00fcler fuar stand\u0131 ile markan\u0131z\u0131 fuarlarda \u00f6ne \u00e7\u0131kar\u0131n. H\u0131zl\u0131 kurulum, maliyet etkinli\u011fi ve esnek tasar\u0131mlar i\u00e7in profesyonel \u00e7\u00f6z\u00fcmler...","og_url":"https:\/\/www.indesignmimarlik.com\/modular-fuar-standi-profesyonel-cozumler\/","og_site_name":"[:tr]InDesign Mimarl\u0131k[:en]InDesign Architecture[:]","article_publisher":"https:\/\/www.facebook.com\/INDESIGNMIMARLIK\/","article_published_time":"2026-04-11T09:21:34+00:00","og_image":[{"width":1280,"height":720,"url":"https:\/\/www.indesignmimarlik.com\/wp-content\/uploads\/2026\/04\/indesign-mimarlik-og-image.jpg","type":"image\/jpeg"}],"author":"admin","twitter_card":"summary_large_image","twitter_misc":{"Written by":"admin","Est. reading time":"5 minutes"},"schema":{"@context":"https:\/\/schema.org","@graph":[{"@type":"Article","@id":"https:\/\/www.indesignmimarlik.com\/modular-fuar-standi-profesyonel-cozumler\/#article","isPartOf":{"@id":"https:\/\/www.indesignmimarlik.com\/modular-fuar-standi-profesyonel-cozumler\/"},"author":{"name":"admin","@id":"https:\/\/www.indesignmimarlik.com\/#\/schema\/person\/51561a858ae73ac56b7545d8e81c0ab1"},"headline":"Mod\u00fcler Fuar Stand\u0131 | Profesyonel Fuar Stand\u0131 \u00c7\u00f6z\u00fcmleri","datePublished":"2026-04-11T09:21:34+00:00","mainEntityOfPage":{"@id":"https:\/\/www.indesignmimarlik.com\/modular-fuar-standi-profesyonel-cozumler\/"},"wordCount":899,"publisher":{"@id":"https:\/\/www.indesignmimarlik.com\/#organization"},"keywords":["ah\u015fap fuar stand\u0131","ankara fuar stand\u0131","cnr expo fuar stand\u0131","Fuar Firmalar\u0131","fuar mimarl\u0131k","fuar stand \u00fcretimi","fuar stand\u0131","fuar stand\u0131 fiyatlar\u0131","fuar stand\u0131 kiralama","fuar stand\u0131 tasar\u0131m\u0131","istanbul fuar stand\u0131","izmir fuar stand\u0131","mod\u00fcler fuar stand\u0131","t\u00fcyap fuar stand\u0131"],"articleSection":["Genel"],"inLanguage":"en-US"},{"@type":"WebPage","@id":"https:\/\/www.indesignmimarlik.com\/modular-fuar-standi-profesyonel-cozumler\/","url":"https:\/\/www.indesignmimarlik.com\/modular-fuar-standi-profesyonel-cozumler\/","name":"Mod\u00fcler Fuar Stand\u0131 | Profesyonel Fuar Stand\u0131 \u00c7\u00f6z\u00fcmleri - [:tr]InDesign Mimarl\u0131k[:en]InDesign Architecture[:]","isPartOf":{"@id":"https:\/\/www.indesignmimarlik.com\/#website"},"datePublished":"2026-04-11T09:21:34+00:00","description":"Mod\u00fcler fuar stand\u0131 ile markan\u0131z\u0131 fuarlarda \u00f6ne \u00e7\u0131kar\u0131n. H\u0131zl\u0131 kurulum, maliyet etkinli\u011fi ve esnek tasar\u0131mlar i\u00e7in profesyonel \u00e7\u00f6z\u00fcmler...","breadcrumb":{"@id":"https:\/\/www.indesignmimarlik.com\/modular-fuar-standi-profesyonel-cozumler\/#breadcrumb"},"inLanguage":"en-US","potentialAction":[{"@type":"ReadAction","target":["https:\/\/www.indesignmimarlik.com\/modular-fuar-standi-profesyonel-cozumler\/"]}]},{"@type":"BreadcrumbList","@id":"https:\/\/www.indesignmimarlik.com\/modular-fuar-standi-profesyonel-cozumler\/#breadcrumb","itemListElement":[{"@type":"ListItem","position":1,"name":"Anasayfa","item":"https:\/\/www.indesignmimarlik.com\/"},{"@type":"ListItem","position":2,"name":"Mod\u00fcler Fuar Stand\u0131 | Profesyonel Fuar Stand\u0131 \u00c7\u00f6z\u00fcmleri"}]},{"@type":"WebSite","@id":"https:\/\/www.indesignmimarlik.com\/#website","url":"https:\/\/www.indesignmimarlik.com\/","name":"InDesign Mimarl\u0131k","description":"Fuar Stand firmalar\u0131 | Fuar Stand fiyatlar\u0131 |  Fuar Stand\u0131 Yapan firmalar istanbul | Fuar Stand Tasar\u0131mlar\u0131 | Fuar Stand\u0131 kiralama | Mod\u00fcler Fuar stand\u0131 | Stand \u00fcretimi yapan firmalar","publisher":{"@id":"https:\/\/www.indesignmimarlik.com\/#organization"},"potentialAction":[{"@type":"SearchAction","target":{"@type":"EntryPoint","urlTemplate":"https:\/\/www.indesignmimarlik.com\/?s={search_term_string}"},"query-input":{"@type":"PropertyValueSpecification","valueRequired":true,"valueName":"search_term_string"}}],"inLanguage":"en-US"},{"@type":"Organization","@id":"https:\/\/www.indesignmimarlik.com\/#organization","name":"InDesign Mimarl\u0131k","url":"https:\/\/www.indesignmimarlik.com\/","logo":{"@type":"ImageObject","inLanguage":"en-US","@id":"https:\/\/www.indesignmimarlik.com\/#\/schema\/logo\/image\/","url":"https:\/\/www.indesignmimarlik.com\/wp-content\/uploads\/2020\/06\/indesign-mimarlik-logo221120112-SON.png","contentUrl":"https:\/\/www.indesignmimarlik.com\/wp-content\/uploads\/2020\/06\/indesign-mimarlik-logo221120112-SON.png","width":300,"height":91,"caption":"InDesign Mimarl\u0131k"},"image":{"@id":"https:\/\/www.indesignmimarlik.com\/#\/schema\/logo\/image\/"},"sameAs":["https:\/\/www.facebook.com\/INDESIGNMIMARLIK\/"]},{"@type":"Person","@id":"https:\/\/www.indesignmimarlik.com\/#\/schema\/person\/51561a858ae73ac56b7545d8e81c0ab1","name":"admin","image":{"@type":"ImageObject","inLanguage":"en-US","@id":"https:\/\/secure.gravatar.com\/avatar\/edfc38b7686be42955dc183a47d17d1ed95653d8f39336c679260b941f8809b8?s=96&d=mm&r=g","url":"https:\/\/secure.gravatar.com\/avatar\/edfc38b7686be42955dc183a47d17d1ed95653d8f39336c679260b941f8809b8?s=96&d=mm&r=g","contentUrl":"https:\/\/secure.gravatar.com\/avatar\/edfc38b7686be42955dc183a47d17d1ed95653d8f39336c679260b941f8809b8?s=96&d=mm&r=g","caption":"admin"},"url":"https:\/\/www.indesignmimarlik.com\/en\/author\/adapod\/"}]}},"_links":{"self":[{"href":"https:\/\/www.indesignmimarlik.com\/en\/wp-json\/wp\/v2\/posts\/5602","targetHints":{"allow":["GET"]}}],"collection":[{"href":"https:\/\/www.indesignmimarlik.com\/en\/wp-json\/wp\/v2\/posts"}],"about":[{"href":"https:\/\/www.indesignmimarlik.com\/en\/wp-json\/wp\/v2\/types\/post"}],"author":[{"embeddable":true,"href":"https:\/\/www.indesignmimarlik.com\/en\/wp-json\/wp\/v2\/users\/1"}],"replies":[{"embeddable":true,"href":"https:\/\/www.indesignmimarlik.com\/en\/wp-json\/wp\/v2\/comments?post=5602"}],"version-history":[{"count":1,"href":"https:\/\/www.indesignmimarlik.com\/en\/wp-json\/wp\/v2\/posts\/5602\/revisions"}],"predecessor-version":[{"id":5603,"href":"https:\/\/www.indesignmimarlik.com\/en\/wp-json\/wp\/v2\/posts\/5602\/revisions\/5603"}],"wp:attachment":[{"href":"https:\/\/www.indesignmimarlik.com\/en\/wp-json\/wp\/v2\/media?parent=5602"}],"wp:term":[{"taxonomy":"category","embeddable":true,"href":"https:\/\/www.indesignmimarlik.com\/en\/wp-json\/wp\/v2\/categories?post=5602"},{"taxonomy":"post_tag","embeddable":true,"href":"https:\/\/www.indesignmimarlik.com\/en\/wp-json\/wp\/v2\/tags?post=5602"}],"curies":[{"name":"wp","href":"https:\/\/api.w.org\/{rel}","templated":true}]}}