{"id":5661,"date":"2026-04-17T09:05:15","date_gmt":"2026-04-17T06:05:15","guid":{"rendered":"https:\/\/www.indesignmimarlik.com\/fuar-standi-kiralama-profesyonel-cozumler-5\/"},"modified":"2026-04-17T09:05:15","modified_gmt":"2026-04-17T06:05:15","slug":"fuar-standi-kiralama-profesyonel-cozumler-5","status":"publish","type":"post","link":"https:\/\/www.indesignmimarlik.com\/en\/fuar-standi-kiralama-profesyonel-cozumler-5\/","title":{"rendered":"Fuar Stand\u0131 Kiralama | Profesyonel Fuar Stand\u0131 \u00c7\u00f6z\u00fcmleri"},"content":{"rendered":"<p>Fuar organizasyonlar\u0131, markan\u0131z\u0131n hedef kitlesiyle bulu\u015ftu\u011fu, \u00fcr\u00fcn ve hizmetlerinizi sergiledi\u011fi en \u00f6nemli platformlard\u0131r. Bu platformlarda dikkat \u00e7ekmenin ve ak\u0131lda kal\u0131c\u0131 bir izlenim b\u0131rakman\u0131n yolu ise etkileyici bir <strong>fuar stand\u0131<\/strong> tasar\u0131m\u0131ndan ge\u00e7er. Fuar stand\u0131 sadece fiziksel bir alan de\u011fil, ayn\u0131 zamanda markan\u0131z\u0131n kimli\u011fini yans\u0131tan, hedef kitlenizle etkile\u015fim kurman\u0131z\u0131 sa\u011flayan stratejik bir ara\u00e7t\u0131r. Ba\u015far\u0131l\u0131 bir fuar kat\u0131l\u0131m\u0131, do\u011fru <strong>fuar stand\u0131 kiralama<\/strong> hizmetleri ile m\u00fcmk\u00fcnd\u00fcr. Bu rehberimizde, fuar stand\u0131 se\u00e7iminden tasar\u0131m\u0131na, fiyatland\u0131rmas\u0131ndan profesyonel firmalarla \u00e7al\u0131\u015fman\u0131n avantajlar\u0131na kadar her detay\u0131 ele alaca\u011f\u0131z.<\/p>\n<h2>Fuar Stand\u0131 Se\u00e7erken Dikkat Edilmesi Gerekenler<\/h2>\n<p>Fuar stand\u0131 se\u00e7imi, markan\u0131z\u0131n fuardaki g\u00f6r\u00fcn\u00fcrl\u00fc\u011f\u00fcn\u00fc do\u011frudan etkileyen kritik bir ad\u0131md\u0131r. Do\u011fru stand\u0131 se\u00e7mek, sadece estetik bir kayg\u0131 de\u011fil, ayn\u0131 zamanda stratejik bir planlama gerektirir. \u0130\u015fte dikkat etmeniz gereken temel unsurlar:<\/p>\n<ul>\n<li><strong>Tasar\u0131m ve Marka Kimli\u011fi:<\/strong> Stand\u0131n\u0131z, markan\u0131z\u0131n g\u00f6rsel kimli\u011fini yans\u0131tmal\u0131, hedef kitlenizin dikkatini \u00e7ekecek \u00f6zg\u00fcn bir tasar\u0131ma sahip olmal\u0131d\u0131r. Renkler, logolar ve genel atmosfer markan\u0131zla uyumlu olmal\u0131d\u0131r.<\/li>\n<li><strong>Hedef Kitle Analizi:<\/strong> Kimlere ula\u015fmak istiyorsunuz? Stand\u0131n\u0131z\u0131n tasar\u0131m\u0131 ve yerle\u015fimi, hedef kitlenizin fuar alan\u0131ndaki hareketlerini ve ilgi alanlar\u0131n\u0131 g\u00f6z \u00f6n\u00fcnde bulundurarak planlanmal\u0131d\u0131r.<\/li>\n<li><strong>Alan Kullan\u0131m\u0131 ve Fonksiyonellik:<\/strong> Stand\u0131n\u0131z\u0131n metrekare alan\u0131 ne olursa olsun, her santimetrekare verimli kullan\u0131lmal\u0131d\u0131r. \u00dcr\u00fcn sergileme alanlar\u0131, g\u00f6r\u00fc\u015fme k\u00f6\u015feleri, bekleme alanlar\u0131 ve personel \u00e7al\u0131\u015fma alanlar\u0131 fonksiyonel bir \u015fekilde tasarlanmal\u0131d\u0131r.<\/li>\n<li><strong>B\u00fct\u00e7e Planlamas\u0131:<\/strong> Fuar stand\u0131 maliyetleri, tasar\u0131m\u0131n karma\u015f\u0131kl\u0131\u011f\u0131, kullan\u0131lan malzemeler ve ek hizmetlere g\u00f6re de\u011fi\u015fiklik g\u00f6sterir. Ger\u00e7ek\u00e7i bir b\u00fct\u00e7e olu\u015fturmak, beklentilerinizi do\u011fru belirlemenize yard\u0131mc\u0131 olur.<\/li>\n<li><strong>Teknolojik Entegrasyon:<\/strong> Dijital ekranlar, interaktif paneller veya VR deneyimleri gibi teknolojik unsurlar, stand\u0131n\u0131z\u0131 daha \u00e7ekici ve ak\u0131lda kal\u0131c\u0131 hale getirebilir.<\/li>\n<\/ul>\n<h2>Fuar Stand\u0131 T\u00fcrleri<\/h2>\n<p>Fuar standlar\u0131, kullan\u0131m amac\u0131na, b\u00fct\u00e7eye ve markan\u0131n kurumsal kimli\u011fine g\u00f6re farkl\u0131l\u0131k g\u00f6sterir. \u0130htiya\u00e7lar\u0131n\u0131za en uygun stand t\u00fcr\u00fcn\u00fc belirlemek, fuar ba\u015far\u0131n\u0131z i\u00e7in \u00f6nemlidir.<\/p>\n<h3>Fuar Stand\u0131<\/h3>\n<p>Herhangi bir fuar kat\u0131l\u0131m\u0131n\u0131n temel ta\u015f\u0131 olan <strong>fuar stand\u0131<\/strong>, markan\u0131z\u0131n fiziksel temsilcisidir. Mod\u00fcler, \u00f6zel tasar\u0131m veya ah\u015fap gibi farkl\u0131 malzemelerle \u00fcretilebilir. \u00d6nemli olan, markan\u0131z\u0131n mesaj\u0131n\u0131 en etkili \u015fekilde iletmesidir.<\/p>\n<h3>Maxima Fuar Stand\u0131<\/h3>\n<p>\u00d6zellikle b\u00fcy\u00fck \u00f6l\u00e7ekli ve dikkat \u00e7ekici tasar\u0131mlar i\u00e7in tercih edilen <strong>Maxima Fuar Stand\u0131<\/strong> \u00e7\u00f6z\u00fcmleri, markan\u0131z\u0131n fuarda \u00f6ne \u00e7\u0131kmas\u0131n\u0131 sa\u011flar. Geni\u015f alan kullan\u0131m\u0131 ve \u00f6zg\u00fcn mimari yakla\u015f\u0131mlar\u0131yla fark yarat\u0131r.<\/p>\n<h3>Mod\u00fcler Fuar Stand\u0131<\/h3>\n<p>Pratiklik ve esneklik arayan firmalar i\u00e7in ideal olan <strong>mod\u00fcler fuar stand\u0131<\/strong> sistemleri, h\u0131zl\u0131 kurulum ve s\u00f6k\u00fcm imkan\u0131 sunar. Farkl\u0131 fuarlar i\u00e7in kolayca yeniden yap\u0131land\u0131r\u0131labilir.<\/p>\n<h3>\u00d6zel Tasar\u0131m Fuar Stand\u0131<\/h3>\n<p>Markan\u0131z\u0131n \u00f6zg\u00fcnl\u00fc\u011f\u00fcn\u00fc tam anlam\u0131yla yans\u0131tmak istedi\u011finizde, <strong>\u00f6zel tasar\u0131m fuar stand\u0131<\/strong> se\u00e7enekleri devreye girer. Tamamen markan\u0131z\u0131n kimli\u011fine ve hedeflerine g\u00f6re tasarlanan bu stantlar, benzersiz bir deneyim sunar.<\/p>\n<h3>\u0130lgili Yaz\u0131lar<\/h3>\n<ul>\n<li><a href=\"https:\/\/www.indesignmimarlik.com\/100-m%c2%b2-ve-uzeri-fuar-standi-tasarimi-buyuk-olcekli-marka-stratejisi-2026\/\">100 m\u00b2 ve \u00dczeri Fuar Stand\u0131 Tasar\u0131m\u0131 (B\u00fcy\u00fck \u00d6l\u00e7ekli Marka Stratejisi \u2013 2026)<\/a><\/li>\n<li><a href=\"https:\/\/www.indesignmimarlik.com\/fuar-standi-tasariminda-kullanilan-yazilimlar-ve-teknolojiler-3d-render-vr\/\">Fuar Stand\u0131 Tasar\u0131m\u0131nda Kullan\u0131lan Yaz\u0131l\u0131mlar ve Teknolojiler (3D, Render, VR)<\/a><\/li>\n<li><a href=\"https:\/\/www.indesignmimarlik.com\/fuar-standi-kiralama-stratejileri\/\">Fuar Stand\u0131 Kiralama Stratejileri | Profesyonel Fuar Stand\u0131 \u00c7\u00f6z\u00fcmleri<\/a><\/li>\n<\/ul>\n<h2>Fuar Stand\u0131 Fiyatlar\u0131n\u0131 Etkileyen Fakt\u00f6rler<\/h2>\n<p>Bir fuar stand\u0131n\u0131n maliyeti, bir\u00e7ok farkl\u0131 de\u011fi\u015fkene ba\u011fl\u0131d\u0131r. Fiyatland\u0131rmay\u0131 etkileyen temel fakt\u00f6rleri anlamak, b\u00fct\u00e7enizi daha etkin y\u00f6netmenizi sa\u011flar.<\/p>\n<ul>\n<li><strong>Tasar\u0131m Karma\u015f\u0131kl\u0131\u011f\u0131 ve \u00d6zg\u00fcnl\u00fc\u011f\u00fc:<\/strong> Basit bir tasar\u0131ma sahip mod\u00fcler bir stand ile karma\u015f\u0131k ve \u00f6zg\u00fcn bir \u00f6zel tasar\u0131m stand\u0131n maliyeti do\u011fal olarak farkl\u0131 olacakt\u0131r.<\/li>\n<li><strong>Metrekare ve Alan Kullan\u0131m\u0131:<\/strong> Stand\u0131n b\u00fcy\u00fckl\u00fc\u011f\u00fc, do\u011frudan malzeme ve i\u015f\u00e7ilik maliyetini art\u0131r\u0131r.<\/li>\n<li><strong>Kullan\u0131lan Malzemeler:<\/strong> Ah\u015fap, metal, pleksi, dijital bask\u0131 paneller gibi farkl\u0131 malzemelerin kalitesi ve t\u00fcr\u00fc fiyat\u0131 etkiler.<\/li>\n<li><strong>Kurulum ve S\u00f6k\u00fcm Hizmetleri:<\/strong> Stand\u0131n kurulumu ve fuar sonras\u0131 s\u00f6k\u00fcm\u00fc i\u00e7in gereken i\u015f\u00e7ilik ve lojistik maliyetleri fiyata dahildir.<\/li>\n<li><strong>Ekipman ve Teknolojik Donan\u0131mlar:<\/strong> Ayd\u0131nlatma, ses sistemleri, ekranlar, mobilyalar gibi ek ekipmanlar maliyeti art\u0131rabilir.<\/li>\n<\/ul>\n<h2>Neden Profesyonel Fuar Stand Firmalar\u0131 ile \u00c7al\u0131\u015fmal\u0131s\u0131n\u0131z?<\/h2>\n<p>Fuar stand\u0131 yapt\u0131rmak veya kiralamak karma\u015f\u0131k bir s\u00fcre\u00e7tir. Bu s\u00fcre\u00e7te profesyonel destek almak, markan\u0131z\u0131n fuardaki ba\u015far\u0131s\u0131n\u0131 garantilemenin en etkili yoludur. Deneyimli <strong>fuar stand firmalar\u0131<\/strong>, size \u015fu konularda yard\u0131mc\u0131 olur:<\/p>\n<ul>\n<li><strong>Stratejik Tasar\u0131m Dan\u0131\u015fmanl\u0131\u011f\u0131:<\/strong> Markan\u0131z\u0131n hedeflerine uygun, hedef kitlenizin dikkatini \u00e7ekecek yarat\u0131c\u0131 ve fonksiyonel tasar\u0131mlar olu\u015ftururlar.<\/li>\n<li><strong>Kaliteli \u00dcretim ve Uygulama:<\/strong> Y\u00fcksek kaliteli malzemeler kullanarak, tasar\u0131m\u0131n ger\u00e7e\u011fe en yak\u0131n ve dayan\u0131kl\u0131 \u015fekilde \u00fcretilmesini sa\u011flarlar.<\/li>\n<li><strong>Profesyonel Kurulum ve Destek:<\/strong> Fuar alan\u0131nda zaman\u0131nda ve sorunsuz kurulum yaparak, sizin sadece i\u015finize odaklanman\u0131z\u0131 sa\u011flarlar. Fuar s\u00fcresince teknik destek de sunabilirler.<\/li>\n<li><strong>Lojistik ve Y\u00f6netim:<\/strong> Stand malzemelerinin ta\u015f\u0131nmas\u0131, depolanmas\u0131 ve fuar alan\u0131na ula\u015ft\u0131r\u0131lmas\u0131 gibi lojistik s\u00fcre\u00e7leri profesyonelce y\u00f6netirler.<\/li>\n<li><strong>Maliyet Optimizasyonu:<\/strong> B\u00fct\u00e7enizi en verimli \u015fekilde kullanarak, alaca\u011f\u0131n\u0131z hizmetin kar\u015f\u0131l\u0131\u011f\u0131n\u0131 alman\u0131z\u0131 sa\u011flarlar. \u00d6zellikle <strong>fuar stand kiralama<\/strong> konusunda uzmanla\u015fm\u0131\u015f firmalar, farkl\u0131 ihtiya\u00e7lara y\u00f6nelik \u00e7\u00f6z\u00fcmler sunar.<\/li>\n<\/ul>\n<h2>Sonu\u00e7<\/h2>\n<p>Fuar stand\u0131, markan\u0131z\u0131n fuardaki y\u00fcz\u00fcd\u00fcr. Etkileyici bir <strong>fuar stand\u0131<\/strong>, do\u011fru <strong>fuar stand firmalar\u0131<\/strong> ile \u00e7al\u0131\u015f\u0131larak tasarlan\u0131r ve hayata ge\u00e7irilir. \u0130ster kiralama ister \u00f6zel tasar\u0131m olsun, stand\u0131n\u0131z\u0131n markan\u0131z\u0131n de\u011ferlerini yans\u0131tmas\u0131 ve hedef kitlenizle g\u00fc\u00e7l\u00fc bir ba\u011f kurmas\u0131 esast\u0131r. Profesyonel bir yakla\u015f\u0131mla, fuar stand\u0131n\u0131z sadece bir alan de\u011fil, ayn\u0131 zamanda g\u00fc\u00e7l\u00fc bir pazarlama arac\u0131na d\u00f6n\u00fc\u015febilir.<\/p>\n<p>Markan\u0131z\u0131n fuardaki potansiyelini en \u00fcst d\u00fczeye \u00e7\u0131karmak ve unutulmaz bir fuar deneyimi ya\u015famak i\u00e7in hemen bizimle ileti\u015fime ge\u00e7in. Uzman ekibimiz, ihtiya\u00e7lar\u0131n\u0131za \u00f6zel <strong>fuar stand\u0131 \u00e7\u00f6z\u00fcmleri<\/strong> sunmak i\u00e7in haz\u0131r.<\/p>\n","protected":false},"excerpt":{"rendered":"<p>Etkileyici bir fuar stand\u0131 ile markan\u0131z\u0131 \u00f6ne \u00e7\u0131kar\u0131n. Profesyonel fuar stand\u0131 kiralama ve tasar\u0131m hizmetleri i\u00e7in en do\u011fru adres. <\/p>\n","protected":false},"author":1,"featured_media":0,"comment_status":"closed","ping_status":"closed","sticky":false,"template":"","format":"standard","meta":{"footnotes":""},"categories":[1],"tags":[196,206,207,208,188,211,210,209],"class_list":["post-5661","post","type-post","status-publish","format-standard","hentry","category-genel","tag-fuar-stand-firmalari","tag-fuar-stand-kiralama","tag-fuar-stand-tasarimi","tag-fuar-stand-yapan-firmalar","tag-fuar-standi","tag-maxima-fuar-standi","tag-stand-firmalari","tag-yurtdisi-fuar-stand-firmalari"],"yoast_head":"<!-- This site is optimized with the Yoast SEO plugin v27.3 - https:\/\/yoast.com\/product\/yoast-seo-wordpress\/ -->\n<title>Fuar Stand\u0131 Kiralama | Profesyonel Fuar Stand\u0131 \u00c7\u00f6z\u00fcmleri - InDesign Architecture<\/title>\n<meta name=\"description\" content=\"Etkileyici bir fuar stand\u0131 ile markan\u0131z\u0131 \u00f6ne \u00e7\u0131kar\u0131n. Profesyonel fuar stand\u0131 kiralama ve tasar\u0131m hizmetleri i\u00e7in en do\u011fru adres.\" \/>\n<meta name=\"robots\" content=\"index, follow, max-snippet:-1, max-image-preview:large, max-video-preview:-1\" \/>\n<link rel=\"canonical\" href=\"https:\/\/www.indesignmimarlik.com\/fuar-standi-kiralama-profesyonel-cozumler-5\/\" \/>\n<meta property=\"og:locale\" content=\"en_US\" \/>\n<meta property=\"og:type\" content=\"article\" \/>\n<meta property=\"og:title\" content=\"Fuar Stand\u0131 Kiralama | Profesyonel Fuar Stand\u0131 \u00c7\u00f6z\u00fcmleri - [:tr]InDesign Mimarl\u0131k[:en]InDesign Architecture[:]\" \/>\n<meta property=\"og:description\" content=\"Etkileyici bir fuar stand\u0131 ile markan\u0131z\u0131 \u00f6ne \u00e7\u0131kar\u0131n. Profesyonel fuar stand\u0131 kiralama ve tasar\u0131m hizmetleri i\u00e7in en do\u011fru adres.\" \/>\n<meta property=\"og:url\" content=\"https:\/\/www.indesignmimarlik.com\/fuar-standi-kiralama-profesyonel-cozumler-5\/\" \/>\n<meta property=\"og:site_name\" content=\"[:tr]InDesign Mimarl\u0131k[:en]InDesign Architecture[:]\" \/>\n<meta property=\"article:publisher\" content=\"https:\/\/www.facebook.com\/INDESIGNMIMARLIK\/\" \/>\n<meta property=\"article:published_time\" content=\"2026-04-17T06:05:15+00:00\" \/>\n<meta property=\"og:image\" content=\"https:\/\/www.indesignmimarlik.com\/wp-content\/uploads\/2026\/04\/indesign-mimarlik-og-image.jpg\" \/>\n\t<meta property=\"og:image:width\" content=\"1280\" \/>\n\t<meta property=\"og:image:height\" content=\"720\" \/>\n\t<meta property=\"og:image:type\" content=\"image\/jpeg\" \/>\n<meta name=\"author\" content=\"admin\" \/>\n<meta name=\"twitter:card\" content=\"summary_large_image\" \/>\n<meta name=\"twitter:label1\" content=\"Written by\" \/>\n\t<meta name=\"twitter:data1\" content=\"admin\" \/>\n\t<meta name=\"twitter:label2\" content=\"Est. reading time\" \/>\n\t<meta name=\"twitter:data2\" content=\"6 minutes\" \/>\n<script type=\"application\/ld+json\" class=\"yoast-schema-graph\">{\"@context\":\"https:\\\/\\\/schema.org\",\"@graph\":[{\"@type\":\"Article\",\"@id\":\"https:\\\/\\\/www.indesignmimarlik.com\\\/fuar-standi-kiralama-profesyonel-cozumler-5\\\/#article\",\"isPartOf\":{\"@id\":\"https:\\\/\\\/www.indesignmimarlik.com\\\/fuar-standi-kiralama-profesyonel-cozumler-5\\\/\"},\"author\":{\"name\":\"admin\",\"@id\":\"https:\\\/\\\/www.indesignmimarlik.com\\\/#\\\/schema\\\/person\\\/51561a858ae73ac56b7545d8e81c0ab1\"},\"headline\":\"Fuar Stand\u0131 Kiralama | Profesyonel Fuar Stand\u0131 \u00c7\u00f6z\u00fcmleri\",\"datePublished\":\"2026-04-17T06:05:15+00:00\",\"mainEntityOfPage\":{\"@id\":\"https:\\\/\\\/www.indesignmimarlik.com\\\/fuar-standi-kiralama-profesyonel-cozumler-5\\\/\"},\"wordCount\":1083,\"publisher\":{\"@id\":\"https:\\\/\\\/www.indesignmimarlik.com\\\/#organization\"},\"keywords\":[\"fuar stand firmalar\u0131\",\"Fuar Stand Kiralama\",\"Fuar Stand Tasar\u0131m\u0131\",\"Fuar Stand Yapan Firmalar\",\"fuar stand\u0131\",\"Maxima Fuar Stand\u0131\",\"Stand Firmalar\u0131\",\"Yurtd\u0131\u015f\u0131 Fuar Stand Firmalar\u0131\"],\"articleSection\":[\"Genel\"],\"inLanguage\":\"en-US\"},{\"@type\":\"WebPage\",\"@id\":\"https:\\\/\\\/www.indesignmimarlik.com\\\/fuar-standi-kiralama-profesyonel-cozumler-5\\\/\",\"url\":\"https:\\\/\\\/www.indesignmimarlik.com\\\/fuar-standi-kiralama-profesyonel-cozumler-5\\\/\",\"name\":\"Fuar Stand\u0131 Kiralama | Profesyonel Fuar Stand\u0131 \u00c7\u00f6z\u00fcmleri - [:tr]InDesign Mimarl\u0131k[:en]InDesign Architecture[:]\",\"isPartOf\":{\"@id\":\"https:\\\/\\\/www.indesignmimarlik.com\\\/#website\"},\"datePublished\":\"2026-04-17T06:05:15+00:00\",\"description\":\"Etkileyici bir fuar stand\u0131 ile markan\u0131z\u0131 \u00f6ne \u00e7\u0131kar\u0131n. Profesyonel fuar stand\u0131 kiralama ve tasar\u0131m hizmetleri i\u00e7in en do\u011fru adres.\",\"breadcrumb\":{\"@id\":\"https:\\\/\\\/www.indesignmimarlik.com\\\/fuar-standi-kiralama-profesyonel-cozumler-5\\\/#breadcrumb\"},\"inLanguage\":\"en-US\",\"potentialAction\":[{\"@type\":\"ReadAction\",\"target\":[\"https:\\\/\\\/www.indesignmimarlik.com\\\/fuar-standi-kiralama-profesyonel-cozumler-5\\\/\"]}]},{\"@type\":\"BreadcrumbList\",\"@id\":\"https:\\\/\\\/www.indesignmimarlik.com\\\/fuar-standi-kiralama-profesyonel-cozumler-5\\\/#breadcrumb\",\"itemListElement\":[{\"@type\":\"ListItem\",\"position\":1,\"name\":\"Anasayfa\",\"item\":\"https:\\\/\\\/www.indesignmimarlik.com\\\/\"},{\"@type\":\"ListItem\",\"position\":2,\"name\":\"Fuar Stand\u0131 Kiralama | Profesyonel Fuar Stand\u0131 \u00c7\u00f6z\u00fcmleri\"}]},{\"@type\":\"WebSite\",\"@id\":\"https:\\\/\\\/www.indesignmimarlik.com\\\/#website\",\"url\":\"https:\\\/\\\/www.indesignmimarlik.com\\\/\",\"name\":\"InDesign Mimarl\u0131k\",\"description\":\"Fuar Stand firmalar\u0131 | Fuar Stand fiyatlar\u0131 |  Fuar Stand\u0131 Yapan firmalar istanbul | Fuar Stand Tasar\u0131mlar\u0131 | Fuar Stand\u0131 kiralama | Mod\u00fcler Fuar stand\u0131 | Stand \u00fcretimi yapan firmalar\",\"publisher\":{\"@id\":\"https:\\\/\\\/www.indesignmimarlik.com\\\/#organization\"},\"potentialAction\":[{\"@type\":\"SearchAction\",\"target\":{\"@type\":\"EntryPoint\",\"urlTemplate\":\"https:\\\/\\\/www.indesignmimarlik.com\\\/?s={search_term_string}\"},\"query-input\":{\"@type\":\"PropertyValueSpecification\",\"valueRequired\":true,\"valueName\":\"search_term_string\"}}],\"inLanguage\":\"en-US\"},{\"@type\":\"Organization\",\"@id\":\"https:\\\/\\\/www.indesignmimarlik.com\\\/#organization\",\"name\":\"InDesign Mimarl\u0131k\",\"url\":\"https:\\\/\\\/www.indesignmimarlik.com\\\/\",\"logo\":{\"@type\":\"ImageObject\",\"inLanguage\":\"en-US\",\"@id\":\"https:\\\/\\\/www.indesignmimarlik.com\\\/#\\\/schema\\\/logo\\\/image\\\/\",\"url\":\"https:\\\/\\\/www.indesignmimarlik.com\\\/wp-content\\\/uploads\\\/2020\\\/06\\\/indesign-mimarlik-logo221120112-SON.png\",\"contentUrl\":\"https:\\\/\\\/www.indesignmimarlik.com\\\/wp-content\\\/uploads\\\/2020\\\/06\\\/indesign-mimarlik-logo221120112-SON.png\",\"width\":300,\"height\":91,\"caption\":\"InDesign Mimarl\u0131k\"},\"image\":{\"@id\":\"https:\\\/\\\/www.indesignmimarlik.com\\\/#\\\/schema\\\/logo\\\/image\\\/\"},\"sameAs\":[\"https:\\\/\\\/www.facebook.com\\\/INDESIGNMIMARLIK\\\/\"]},{\"@type\":\"Person\",\"@id\":\"https:\\\/\\\/www.indesignmimarlik.com\\\/#\\\/schema\\\/person\\\/51561a858ae73ac56b7545d8e81c0ab1\",\"name\":\"admin\",\"image\":{\"@type\":\"ImageObject\",\"inLanguage\":\"en-US\",\"@id\":\"https:\\\/\\\/secure.gravatar.com\\\/avatar\\\/edfc38b7686be42955dc183a47d17d1ed95653d8f39336c679260b941f8809b8?s=96&d=mm&r=g\",\"url\":\"https:\\\/\\\/secure.gravatar.com\\\/avatar\\\/edfc38b7686be42955dc183a47d17d1ed95653d8f39336c679260b941f8809b8?s=96&d=mm&r=g\",\"contentUrl\":\"https:\\\/\\\/secure.gravatar.com\\\/avatar\\\/edfc38b7686be42955dc183a47d17d1ed95653d8f39336c679260b941f8809b8?s=96&d=mm&r=g\",\"caption\":\"admin\"},\"url\":\"https:\\\/\\\/www.indesignmimarlik.com\\\/en\\\/author\\\/adapod\\\/\"}]}<\/script>\n<!-- \/ Yoast SEO plugin. -->","yoast_head_json":{"title":"Fuar Stand\u0131 Kiralama | Profesyonel Fuar Stand\u0131 \u00c7\u00f6z\u00fcmleri - [:tr]InDesign Mimarl\u0131k[:en]InDesign Architecture[:]","description":"Etkileyici bir fuar stand\u0131 ile markan\u0131z\u0131 \u00f6ne \u00e7\u0131kar\u0131n. Profesyonel fuar stand\u0131 kiralama ve tasar\u0131m hizmetleri i\u00e7in en do\u011fru adres.","robots":{"index":"index","follow":"follow","max-snippet":"max-snippet:-1","max-image-preview":"max-image-preview:large","max-video-preview":"max-video-preview:-1"},"canonical":"https:\/\/www.indesignmimarlik.com\/fuar-standi-kiralama-profesyonel-cozumler-5\/","og_locale":"en_US","og_type":"article","og_title":"Fuar Stand\u0131 Kiralama | Profesyonel Fuar Stand\u0131 \u00c7\u00f6z\u00fcmleri - [:tr]InDesign Mimarl\u0131k[:en]InDesign Architecture[:]","og_description":"Etkileyici bir fuar stand\u0131 ile markan\u0131z\u0131 \u00f6ne \u00e7\u0131kar\u0131n. Profesyonel fuar stand\u0131 kiralama ve tasar\u0131m hizmetleri i\u00e7in en do\u011fru adres.","og_url":"https:\/\/www.indesignmimarlik.com\/fuar-standi-kiralama-profesyonel-cozumler-5\/","og_site_name":"[:tr]InDesign Mimarl\u0131k[:en]InDesign Architecture[:]","article_publisher":"https:\/\/www.facebook.com\/INDESIGNMIMARLIK\/","article_published_time":"2026-04-17T06:05:15+00:00","og_image":[{"width":1280,"height":720,"url":"https:\/\/www.indesignmimarlik.com\/wp-content\/uploads\/2026\/04\/indesign-mimarlik-og-image.jpg","type":"image\/jpeg"}],"author":"admin","twitter_card":"summary_large_image","twitter_misc":{"Written by":"admin","Est. reading time":"6 minutes"},"schema":{"@context":"https:\/\/schema.org","@graph":[{"@type":"Article","@id":"https:\/\/www.indesignmimarlik.com\/fuar-standi-kiralama-profesyonel-cozumler-5\/#article","isPartOf":{"@id":"https:\/\/www.indesignmimarlik.com\/fuar-standi-kiralama-profesyonel-cozumler-5\/"},"author":{"name":"admin","@id":"https:\/\/www.indesignmimarlik.com\/#\/schema\/person\/51561a858ae73ac56b7545d8e81c0ab1"},"headline":"Fuar Stand\u0131 Kiralama | Profesyonel Fuar Stand\u0131 \u00c7\u00f6z\u00fcmleri","datePublished":"2026-04-17T06:05:15+00:00","mainEntityOfPage":{"@id":"https:\/\/www.indesignmimarlik.com\/fuar-standi-kiralama-profesyonel-cozumler-5\/"},"wordCount":1083,"publisher":{"@id":"https:\/\/www.indesignmimarlik.com\/#organization"},"keywords":["fuar stand firmalar\u0131","Fuar Stand Kiralama","Fuar Stand Tasar\u0131m\u0131","Fuar Stand Yapan Firmalar","fuar stand\u0131","Maxima Fuar Stand\u0131","Stand Firmalar\u0131","Yurtd\u0131\u015f\u0131 Fuar Stand Firmalar\u0131"],"articleSection":["Genel"],"inLanguage":"en-US"},{"@type":"WebPage","@id":"https:\/\/www.indesignmimarlik.com\/fuar-standi-kiralama-profesyonel-cozumler-5\/","url":"https:\/\/www.indesignmimarlik.com\/fuar-standi-kiralama-profesyonel-cozumler-5\/","name":"Fuar Stand\u0131 Kiralama | Profesyonel Fuar Stand\u0131 \u00c7\u00f6z\u00fcmleri - [:tr]InDesign Mimarl\u0131k[:en]InDesign Architecture[:]","isPartOf":{"@id":"https:\/\/www.indesignmimarlik.com\/#website"},"datePublished":"2026-04-17T06:05:15+00:00","description":"Etkileyici bir fuar stand\u0131 ile markan\u0131z\u0131 \u00f6ne \u00e7\u0131kar\u0131n. Profesyonel fuar stand\u0131 kiralama ve tasar\u0131m hizmetleri i\u00e7in en do\u011fru adres.","breadcrumb":{"@id":"https:\/\/www.indesignmimarlik.com\/fuar-standi-kiralama-profesyonel-cozumler-5\/#breadcrumb"},"inLanguage":"en-US","potentialAction":[{"@type":"ReadAction","target":["https:\/\/www.indesignmimarlik.com\/fuar-standi-kiralama-profesyonel-cozumler-5\/"]}]},{"@type":"BreadcrumbList","@id":"https:\/\/www.indesignmimarlik.com\/fuar-standi-kiralama-profesyonel-cozumler-5\/#breadcrumb","itemListElement":[{"@type":"ListItem","position":1,"name":"Anasayfa","item":"https:\/\/www.indesignmimarlik.com\/"},{"@type":"ListItem","position":2,"name":"Fuar Stand\u0131 Kiralama | Profesyonel Fuar Stand\u0131 \u00c7\u00f6z\u00fcmleri"}]},{"@type":"WebSite","@id":"https:\/\/www.indesignmimarlik.com\/#website","url":"https:\/\/www.indesignmimarlik.com\/","name":"InDesign Mimarl\u0131k","description":"Fuar Stand firmalar\u0131 | Fuar Stand fiyatlar\u0131 |  Fuar Stand\u0131 Yapan firmalar istanbul | Fuar Stand Tasar\u0131mlar\u0131 | Fuar Stand\u0131 kiralama | Mod\u00fcler Fuar stand\u0131 | Stand \u00fcretimi yapan firmalar","publisher":{"@id":"https:\/\/www.indesignmimarlik.com\/#organization"},"potentialAction":[{"@type":"SearchAction","target":{"@type":"EntryPoint","urlTemplate":"https:\/\/www.indesignmimarlik.com\/?s={search_term_string}"},"query-input":{"@type":"PropertyValueSpecification","valueRequired":true,"valueName":"search_term_string"}}],"inLanguage":"en-US"},{"@type":"Organization","@id":"https:\/\/www.indesignmimarlik.com\/#organization","name":"InDesign Mimarl\u0131k","url":"https:\/\/www.indesignmimarlik.com\/","logo":{"@type":"ImageObject","inLanguage":"en-US","@id":"https:\/\/www.indesignmimarlik.com\/#\/schema\/logo\/image\/","url":"https:\/\/www.indesignmimarlik.com\/wp-content\/uploads\/2020\/06\/indesign-mimarlik-logo221120112-SON.png","contentUrl":"https:\/\/www.indesignmimarlik.com\/wp-content\/uploads\/2020\/06\/indesign-mimarlik-logo221120112-SON.png","width":300,"height":91,"caption":"InDesign Mimarl\u0131k"},"image":{"@id":"https:\/\/www.indesignmimarlik.com\/#\/schema\/logo\/image\/"},"sameAs":["https:\/\/www.facebook.com\/INDESIGNMIMARLIK\/"]},{"@type":"Person","@id":"https:\/\/www.indesignmimarlik.com\/#\/schema\/person\/51561a858ae73ac56b7545d8e81c0ab1","name":"admin","image":{"@type":"ImageObject","inLanguage":"en-US","@id":"https:\/\/secure.gravatar.com\/avatar\/edfc38b7686be42955dc183a47d17d1ed95653d8f39336c679260b941f8809b8?s=96&d=mm&r=g","url":"https:\/\/secure.gravatar.com\/avatar\/edfc38b7686be42955dc183a47d17d1ed95653d8f39336c679260b941f8809b8?s=96&d=mm&r=g","contentUrl":"https:\/\/secure.gravatar.com\/avatar\/edfc38b7686be42955dc183a47d17d1ed95653d8f39336c679260b941f8809b8?s=96&d=mm&r=g","caption":"admin"},"url":"https:\/\/www.indesignmimarlik.com\/en\/author\/adapod\/"}]}},"_links":{"self":[{"href":"https:\/\/www.indesignmimarlik.com\/en\/wp-json\/wp\/v2\/posts\/5661","targetHints":{"allow":["GET"]}}],"collection":[{"href":"https:\/\/www.indesignmimarlik.com\/en\/wp-json\/wp\/v2\/posts"}],"about":[{"href":"https:\/\/www.indesignmimarlik.com\/en\/wp-json\/wp\/v2\/types\/post"}],"author":[{"embeddable":true,"href":"https:\/\/www.indesignmimarlik.com\/en\/wp-json\/wp\/v2\/users\/1"}],"replies":[{"embeddable":true,"href":"https:\/\/www.indesignmimarlik.com\/en\/wp-json\/wp\/v2\/comments?post=5661"}],"version-history":[{"count":1,"href":"https:\/\/www.indesignmimarlik.com\/en\/wp-json\/wp\/v2\/posts\/5661\/revisions"}],"predecessor-version":[{"id":5662,"href":"https:\/\/www.indesignmimarlik.com\/en\/wp-json\/wp\/v2\/posts\/5661\/revisions\/5662"}],"wp:attachment":[{"href":"https:\/\/www.indesignmimarlik.com\/en\/wp-json\/wp\/v2\/media?parent=5661"}],"wp:term":[{"taxonomy":"category","embeddable":true,"href":"https:\/\/www.indesignmimarlik.com\/en\/wp-json\/wp\/v2\/categories?post=5661"},{"taxonomy":"post_tag","embeddable":true,"href":"https:\/\/www.indesignmimarlik.com\/en\/wp-json\/wp\/v2\/tags?post=5661"}],"curies":[{"name":"wp","href":"https:\/\/api.w.org\/{rel}","templated":true}]}}