{"id":5665,"date":"2026-04-17T09:05:53","date_gmt":"2026-04-17T06:05:53","guid":{"rendered":"https:\/\/www.indesignmimarlik.com\/fuar-standi-yapan-firmalar-markanizi-one-cikar\/"},"modified":"2026-04-17T09:05:53","modified_gmt":"2026-04-17T06:05:53","slug":"fuar-standi-yapan-firmalar-markanizi-one-cikar","status":"publish","type":"post","link":"https:\/\/www.indesignmimarlik.com\/en\/fuar-standi-yapan-firmalar-markanizi-one-cikar\/","title":{"rendered":"Fuar Stand\u0131 Yapan Firmalar | Markan\u0131z\u0131 \u00d6ne \u00c7\u0131kar\u0131n"},"content":{"rendered":"<p>Fuar d\u00fcnyas\u0131, markalar\u0131n kendilerini sergiledi\u011fi, potansiyel m\u00fc\u015fterilerle bulu\u015ftu\u011fu ve sekt\u00f6rdeki yerlerini sa\u011flamla\u015ft\u0131rd\u0131\u011f\u0131 dinamik bir platformdur. Bu rekabet\u00e7i ortamda fark yaratman\u0131n en etkili yollar\u0131ndan biri ise <strong>profesyonel bir fuar stand\u0131<\/strong>na sahip olmaktan ge\u00e7er. Do\u011fru bir <strong>fuar stand\u0131 yapan firmalar<\/strong> ile \u00e7al\u0131\u015fmak, markan\u0131z\u0131n hedef kitlesine ula\u015fmas\u0131n\u0131 kolayla\u015ft\u0131r\u0131r ve beklentilerin \u00f6tesinde bir etkile\u015fim sa\u011flar. Fuar stand\u0131n\u0131z, sadece bir sergileme alan\u0131 de\u011fil, ayn\u0131 zamanda markan\u0131z\u0131n kimli\u011fini ve de\u011ferlerini yans\u0131tan fiziksel bir temsilcisidir. Bu nedenle, fuar stand\u0131 se\u00e7imi ve tasar\u0131m\u0131 s\u00fcrecinde titiz davranmak, ba\u015far\u0131ya giden yolda at\u0131lacak en \u00f6nemli ad\u0131mlardan biridir.<\/p>\n<h2>Etkili Bir Fuar Stand\u0131 \u0130\u00e7in Nelere Dikkat Edilmeli? ile Fuar Stand\u0131 Yapan Firmalar<\/h2>\n<p>Ba\u015far\u0131l\u0131 bir fuar deneyimi i\u00e7in <strong>fuar stand\u0131<\/strong> se\u00e7imi kritik \u00f6nem ta\u015f\u0131r. Stand\u0131n\u0131z\u0131n tasar\u0131m\u0131, markan\u0131z\u0131n ilk izlenimini olu\u015ftururken, hedef kitlenizin ilgisini \u00e7ekme potansiyelini de do\u011frudan etkiler. Bu nedenle, fuar stand\u0131 se\u00e7imi yaparken g\u00f6z \u00f6n\u00fcnde bulundurman\u0131z gereken ba\u015fl\u0131ca unsurlar \u015funlard\u0131r:<\/p>\n<ul>\n<li><strong>Tasar\u0131m ve Estetik:<\/strong> Stand\u0131n\u0131z\u0131n g\u00f6rsel \u00e7ekicili\u011fi, ziyaret\u00e7ilerin dikkatini ilk \u00e7eken unsurdur. Markan\u0131z\u0131n kurumsal kimli\u011fiyle uyumlu, modern ve ilgi \u00e7ekici bir tasar\u0131m, potansiyel m\u00fc\u015fterilerin stand\u0131n\u0131za y\u00f6nelmesini sa\u011flar.<\/li>\n<li><strong>Hedef Kitle Analizi:<\/strong> Kimlere ula\u015fmak istedi\u011finizi belirlemek, stand tasar\u0131m\u0131n\u0131n oda\u011f\u0131n\u0131 olu\u015fturur. Hedef kitlenizin beklentilerini, ilgi alanlar\u0131n\u0131 ve demografik \u00f6zelliklerini g\u00f6z \u00f6n\u00fcnde bulundurarak stand\u0131n\u0131z\u0131 \u015fekillendirebilirsiniz.<\/li>\n<li><strong>Alan Kullan\u0131m\u0131 ve Fonksiyonellik:<\/strong> Stand\u0131n\u0131z\u0131n metrekare \u00f6l\u00e7\u00fcs\u00fc ne olursa olsun, her alan\u0131 en verimli \u015fekilde kullanmak \u00f6nemlidir. \u00dcr\u00fcnlerinizi sergilemek, ziyaret\u00e7ilerle etkile\u015fim kurmak ve hatta mini sunumlar yapmak i\u00e7in fonksiyonel alanlar planlanmal\u0131d\u0131r.<\/li>\n<li><strong>B\u00fct\u00e7e Y\u00f6netimi:<\/strong> Fuar stand\u0131 maliyetleri, se\u00e7ilen tasar\u0131m\u0131n karma\u015f\u0131kl\u0131\u011f\u0131na, kullan\u0131lan malzemelere ve ek hizmetlere g\u00f6re de\u011fi\u015fiklik g\u00f6sterir. Belirlenen b\u00fct\u00e7e dahilinde en iyi \u00e7\u00f6z\u00fcm\u00fc sunacak <strong>fuar stand\u0131 firmalar\u0131<\/strong> ile i\u015fbirli\u011fi yapmak \u00f6nemlidir.<\/li>\n<\/ul>\n<h3>Fuar Stand\u0131 T\u00fcrleri ve \u00d6zellikleri<\/h3>\n<p>Fuar kat\u0131l\u0131mc\u0131lar\u0131n\u0131n ihtiya\u00e7lar\u0131na ve b\u00fct\u00e7elerine g\u00f6re farkl\u0131 fuar stand\u0131 t\u00fcrleri bulunmaktad\u0131r. Her birinin kendine \u00f6zg\u00fc avantajlar\u0131 ve kullan\u0131m alanlar\u0131 vard\u0131r. \u00d6zellikle <strong>fuar stand\u0131 yapan firmalar<\/strong>, bu \u00e7e\u015fitlilik aras\u0131ndan markan\u0131z i\u00e7in en uygun se\u00e7ene\u011fi belirlemenize yard\u0131mc\u0131 olur.<\/p>\n<h4>Mod\u00fcler Fuar Stand\u0131<\/h4>\n<p>Mod\u00fcler fuar standlar\u0131, h\u0131zl\u0131 kurulum ve s\u00f6k\u00fcm avantajlar\u0131 sunar. Standart paneller ve ba\u011flant\u0131 elemanlar\u0131 ile olu\u015fturulan bu standlar, genellikle daha ekonomiktir. Farkl\u0131 fuarlarda kolayca yeniden yap\u0131land\u0131r\u0131labilir olmalar\u0131, onlar\u0131 pratik bir se\u00e7enek haline getirir. <em>Mod\u00fcler fuar stand\u0131<\/em> \u00e7\u00f6z\u00fcmleri, \u00f6zellikle s\u0131k fuar kat\u0131l\u0131mc\u0131lar\u0131 i\u00e7in maliyet etkin bir alternatiftir.<\/p>\n<h4>\u00d6zel Tasar\u0131m Fuar Stand\u0131<\/h4>\n<p>Markan\u0131z\u0131n benzersiz kimli\u011fini ve hikayesini en iyi \u015fekilde yans\u0131tmak istiyorsan\u0131z, \u00f6zel tasar\u0131m fuar standlar\u0131 idealdir. Bu standlar, tamamen markan\u0131z\u0131n ihtiya\u00e7lar\u0131na ve vizyonuna g\u00f6re s\u0131f\u0131rdan tasarlan\u0131r ve \u00fcretilir. Yarat\u0131c\u0131l\u0131\u011f\u0131n s\u0131n\u0131rlar\u0131n\u0131n zorland\u0131\u011f\u0131 bu tasar\u0131mlar, fuar alan\u0131nda unutulmaz bir etki b\u0131rak\u0131r. <strong>Fuar stand\u0131 tasar\u0131m\u0131<\/strong> konusunda uzmanla\u015fm\u0131\u015f firmalar, hayalinizdeki stand\u0131 ger\u00e7e\u011fe d\u00f6n\u00fc\u015ft\u00fcrmek i\u00e7in \u00e7al\u0131\u015f\u0131r.<\/p>\n<h4>Maxima Fuar Stand\u0131<\/h4>\n<p>Maxima fuar stand\u0131, genellikle daha b\u00fcy\u00fck \u00f6l\u00e7ekli ve g\u00f6steri\u015fli projelerde tercih edilen, \u00f6zel tasar\u0131m\u0131n \u00f6n planda oldu\u011fu bir konsepttir. Bu t\u00fcr standlar, markan\u0131n g\u00fcc\u00fcn\u00fc ve sekt\u00f6rdeki lider konumunu vurgulamak amac\u0131yla tasarlan\u0131r. Y\u00fcksek kaliteli malzemeler, yenilik\u00e7i ayd\u0131nlatma \u00e7\u00f6z\u00fcmleri ve etkileyici g\u00f6rsellerle desteklenen <em>maxima fuar stand\u0131<\/em>, ziyaret\u00e7iler \u00fczerinde g\u00fc\u00e7l\u00fc bir etki b\u0131rak\u0131r.<\/p>\n<h2>Fuar Stand\u0131 Fiyatlar\u0131n\u0131 Etkileyen Fakt\u00f6rler<\/h2>\n<p>Bir <strong>fuar stand\u0131 kiralama<\/strong> veya sat\u0131n alma s\u00fcrecinde fiyatlar, \u00e7e\u015fitli fakt\u00f6rlere ba\u011fl\u0131 olarak de\u011fi\u015fiklik g\u00f6sterir. <strong>Fuar stand\u0131 yapan firmalar<\/strong> ile g\u00f6r\u00fc\u015f\u00fcrken bu fakt\u00f6rleri bilmek, do\u011fru bir b\u00fct\u00e7e planlamas\u0131 yapman\u0131za yard\u0131mc\u0131 olacakt\u0131r. Ba\u015fl\u0131ca maliyet unsurlar\u0131 \u015funlard\u0131r:<\/p>\n<h3>\u0130lgili Yaz\u0131lar<\/h3>\n<ul>\n<li><a href=\"https:\/\/www.indesignmimarlik.com\/fuar-standi-tasarimi-nedir-2026-kapsamli-rehber\/\">Fuar Stand\u0131 Tasar\u0131m\u0131 Nedir? (2026 Kapsaml\u0131 Rehber)<\/a><\/li>\n<li><a href=\"https:\/\/www.indesignmimarlik.com\/modular-fuar-standi-profesyonel-cozumler\/\">Mod\u00fcler Fuar Stand\u0131 | Profesyonel Fuar Stand\u0131 \u00c7\u00f6z\u00fcmleri<\/a><\/li>\n<li><a href=\"https:\/\/www.indesignmimarlik.com\/fuar-standi-yapan-firmalar-profesyonel-cozumler-6\/\">Fuar Stand\u0131 Yapan Firmalar | Profesyonel Fuar Stand\u0131 \u00c7\u00f6z\u00fcmleri<\/a><\/li>\n<\/ul>\n<ul>\n<li><strong>Metrekare ve Alan Kullan\u0131m\u0131:<\/strong> Stand\u0131n\u0131z\u0131n kaplad\u0131\u011f\u0131 alan artt\u0131k\u00e7a, maliyet de do\u011fal olarak y\u00fckselir.<\/li>\n<li><strong>Tasar\u0131m Karma\u015f\u0131kl\u0131\u011f\u0131:<\/strong> Daha detayl\u0131, \u00f6zg\u00fcn ve karma\u015f\u0131k tasar\u0131mlar, daha fazla i\u015f\u00e7ilik ve malzeme gerektirdi\u011finden maliyeti art\u0131r\u0131r.<\/li>\n<li><strong>Malzeme Se\u00e7imi:<\/strong> Kullan\u0131lan malzemelerin kalitesi ve t\u00fcr\u00fc (ah\u015fap, metal, kompozit vb.) fiyatland\u0131rmada \u00f6nemli bir rol oynar.<\/li>\n<li><strong>Ek Hizmetler:<\/strong> Ayd\u0131nlatma, dijital ekranlar, mobilya kiralama, ses sistemleri gibi ek hizmetler maliyeti etkileyebilir.<\/li>\n<li><strong>Kurulum ve S\u00f6k\u00fcm:<\/strong> Stand\u0131n demonte ve monte edilmesi i\u00e7in gereken i\u015f g\u00fcc\u00fc ve lojistik masraflar\u0131 da toplam b\u00fct\u00e7eye dahildir.<\/li>\n<\/ul>\n<h2>Neden Profesyonel Fuar Stand\u0131 Firmalar\u0131 ile \u00c7al\u0131\u015fmal\u0131s\u0131n\u0131z?<\/h2>\n<p>Fuar stand\u0131 haz\u0131rl\u0131\u011f\u0131, g\u00f6z ard\u0131 edilemeyecek kadar \u00e7ok detay\u0131 bar\u0131nd\u0131ran kapsaml\u0131 bir s\u00fcre\u00e7tir. Bu nedenle, i\u015fi uzmanlar\u0131na b\u0131rakmak en mant\u0131kl\u0131 yakla\u015f\u0131md\u0131r. <strong>Fuar stand\u0131 firmalar\u0131<\/strong>, markan\u0131z\u0131n fuardaki temsilini en \u00fcst d\u00fczeyde ger\u00e7ekle\u015ftirmek i\u00e7in gerekli t\u00fcm bilgi, tecr\u00fcbe ve kaynaklara sahiptir. Profesyonel bir yakla\u015f\u0131mla:<\/p>\n<ul>\n<li><strong>Etkili Tasar\u0131m \u00c7\u00f6z\u00fcmleri:<\/strong> Markan\u0131z\u0131n de\u011ferlerini en iyi yans\u0131tan, hedef kitlenizin ilgisini \u00e7ekecek yarat\u0131c\u0131 ve fonksiyonel tasar\u0131mlar sunarlar.<\/li>\n<li><strong>Kaliteli \u00dcretim ve Uygulama:<\/strong> Stand\u0131n\u0131z\u0131n \u00fcretim s\u00fcrecini titizlikle y\u00f6netir, y\u00fcksek kaliteli malzemeler kullanarak dayan\u0131kl\u0131 ve estetik bir yap\u0131 olu\u015ftururlar.<\/li>\n<li><strong>Sorunsuz Kurulum ve Destek:<\/strong> Fuar alan\u0131nda stand\u0131n\u0131z\u0131n zaman\u0131nda ve eksiksiz kurulumunu sa\u011flarlar. Fuar s\u00fcresince olas\u0131 teknik aksakl\u0131klara kar\u015f\u0131 destek sunarak i\u015f y\u00fck\u00fcn\u00fcz\u00fc azalt\u0131rlar.<\/li>\n<li><strong>Yurtd\u0131\u015f\u0131 Fuar Deneyimi:<\/strong> <em>Yurtd\u0131\u015f\u0131 fuar stand firmalar\u0131<\/em> ile \u00e7al\u0131\u015fmak, uluslararas\u0131 fuarlarda kar\u015f\u0131la\u015fabilece\u011finiz dil, k\u00fclt\u00fcr ve lojistik farkl\u0131l\u0131klar\u0131n\u0131 y\u00f6netmenizi kolayla\u015ft\u0131r\u0131r.<\/li>\n<\/ul>\n<p>K\u0131sacas\u0131, profesyonel <strong>stand firmalar\u0131<\/strong> ile \u00e7al\u0131\u015fmak, markan\u0131z\u0131n fuardaki ba\u015far\u0131s\u0131n\u0131 garantilemenin en ak\u0131ll\u0131ca yoludur. Do\u011fru bir i\u015f orta\u011f\u0131, fuar stand\u0131n\u0131z\u0131n sadece bir sergileme alan\u0131 olmaktan \u00f6teye ge\u00e7erek, markan\u0131z i\u00e7in g\u00fc\u00e7l\u00fc bir pazarlama arac\u0131na d\u00f6n\u00fc\u015fmesini sa\u011flar.<\/p>\n<h2>Sonu\u00e7<\/h2>\n<p>Fuar stand\u0131n\u0131z, markan\u0131z\u0131n dijital d\u00fcnyadaki y\u00fcz\u00fcn\u00fcn fiziksel bir yans\u0131mas\u0131d\u0131r. Etkili bir <strong>fuar stand\u0131<\/strong> tasar\u0131m\u0131 ve uygulamas\u0131 ile hedef kitlenizle g\u00fc\u00e7l\u00fc bir ba\u011f kurabilir, marka bilinirli\u011finizi art\u0131rabilir ve sat\u0131\u015flar\u0131n\u0131z\u0131 y\u00fckseltebilirsiniz. Alan\u0131nda uzman <strong>fuar stand\u0131 yapan firmalar<\/strong> ile \u00e7al\u0131\u015farak, bu s\u00fcreci hem sizin i\u00e7in kolayla\u015ft\u0131rabilir hem de en y\u00fcksek verimi elde edebilirsiniz. Markan\u0131z\u0131n fuar alan\u0131ndaki temsilini en \u00fcst seviyeye ta\u015f\u0131mak ve fark yaratan bir deneyim sunmak i\u00e7in hemen bizimle ileti\u015fime ge\u00e7in, size \u00f6zel fuar stand\u0131 \u00e7\u00f6z\u00fcmlerimizi ke\u015ffedin!<\/p>\n","protected":false},"excerpt":{"rendered":"<p>Markan\u0131z\u0131n fuar alan\u0131nda \u00f6ne \u00e7\u0131kmas\u0131 i\u00e7in profesyonel fuar stand\u0131 yapan firmalar ile \u00e7al\u0131\u015f\u0131n. Tasar\u0131m, \u00fcretim ve kurulumda g\u00fcvenilir&#8230; <\/p>\n","protected":false},"author":1,"featured_media":0,"comment_status":"closed","ping_status":"closed","sticky":false,"template":"","format":"standard","meta":{"footnotes":""},"categories":[1],"tags":[196,206,207,208,188,211,210,209],"class_list":["post-5665","post","type-post","status-publish","format-standard","hentry","category-genel","tag-fuar-stand-firmalari","tag-fuar-stand-kiralama","tag-fuar-stand-tasarimi","tag-fuar-stand-yapan-firmalar","tag-fuar-standi","tag-maxima-fuar-standi","tag-stand-firmalari","tag-yurtdisi-fuar-stand-firmalari"],"yoast_head":"<!-- This site is optimized with the Yoast SEO plugin v27.3 - https:\/\/yoast.com\/product\/yoast-seo-wordpress\/ -->\n<title>Fuar Stand\u0131 Yapan Firmalar | Markan\u0131z\u0131 \u00d6ne \u00c7\u0131kar\u0131n - InDesign Architecture<\/title>\n<meta name=\"description\" content=\"Markan\u0131z\u0131n fuar alan\u0131nda \u00f6ne \u00e7\u0131kmas\u0131 i\u00e7in profesyonel fuar stand\u0131 yapan firmalar ile \u00e7al\u0131\u015f\u0131n. Tasar\u0131m, \u00fcretim ve kurulumda g\u00fcvenilir...\" \/>\n<meta name=\"robots\" content=\"index, follow, max-snippet:-1, max-image-preview:large, max-video-preview:-1\" \/>\n<link rel=\"canonical\" href=\"https:\/\/www.indesignmimarlik.com\/fuar-standi-yapan-firmalar-markanizi-one-cikar\/\" \/>\n<meta property=\"og:locale\" content=\"en_US\" \/>\n<meta property=\"og:type\" content=\"article\" \/>\n<meta property=\"og:title\" content=\"Fuar Stand\u0131 Yapan Firmalar | Markan\u0131z\u0131 \u00d6ne \u00c7\u0131kar\u0131n - [:tr]InDesign Mimarl\u0131k[:en]InDesign Architecture[:]\" \/>\n<meta property=\"og:description\" content=\"Markan\u0131z\u0131n fuar alan\u0131nda \u00f6ne \u00e7\u0131kmas\u0131 i\u00e7in profesyonel fuar stand\u0131 yapan firmalar ile \u00e7al\u0131\u015f\u0131n. Tasar\u0131m, \u00fcretim ve kurulumda g\u00fcvenilir...\" \/>\n<meta property=\"og:url\" content=\"https:\/\/www.indesignmimarlik.com\/fuar-standi-yapan-firmalar-markanizi-one-cikar\/\" \/>\n<meta property=\"og:site_name\" content=\"[:tr]InDesign Mimarl\u0131k[:en]InDesign Architecture[:]\" \/>\n<meta property=\"article:publisher\" content=\"https:\/\/www.facebook.com\/INDESIGNMIMARLIK\/\" \/>\n<meta property=\"article:published_time\" content=\"2026-04-17T06:05:53+00:00\" \/>\n<meta property=\"og:image\" content=\"https:\/\/www.indesignmimarlik.com\/wp-content\/uploads\/2026\/04\/indesign-mimarlik-og-image.jpg\" \/>\n\t<meta property=\"og:image:width\" content=\"1280\" \/>\n\t<meta property=\"og:image:height\" content=\"720\" \/>\n\t<meta property=\"og:image:type\" content=\"image\/jpeg\" \/>\n<meta name=\"author\" content=\"admin\" \/>\n<meta name=\"twitter:card\" content=\"summary_large_image\" \/>\n<meta name=\"twitter:label1\" content=\"Written by\" \/>\n\t<meta name=\"twitter:data1\" content=\"admin\" \/>\n\t<meta name=\"twitter:label2\" content=\"Est. reading time\" \/>\n\t<meta name=\"twitter:data2\" content=\"7 minutes\" \/>\n<script type=\"application\/ld+json\" class=\"yoast-schema-graph\">{\"@context\":\"https:\\\/\\\/schema.org\",\"@graph\":[{\"@type\":\"Article\",\"@id\":\"https:\\\/\\\/www.indesignmimarlik.com\\\/fuar-standi-yapan-firmalar-markanizi-one-cikar\\\/#article\",\"isPartOf\":{\"@id\":\"https:\\\/\\\/www.indesignmimarlik.com\\\/fuar-standi-yapan-firmalar-markanizi-one-cikar\\\/\"},\"author\":{\"name\":\"admin\",\"@id\":\"https:\\\/\\\/www.indesignmimarlik.com\\\/#\\\/schema\\\/person\\\/51561a858ae73ac56b7545d8e81c0ab1\"},\"headline\":\"Fuar Stand\u0131 Yapan Firmalar | Markan\u0131z\u0131 \u00d6ne \u00c7\u0131kar\u0131n\",\"datePublished\":\"2026-04-17T06:05:53+00:00\",\"mainEntityOfPage\":{\"@id\":\"https:\\\/\\\/www.indesignmimarlik.com\\\/fuar-standi-yapan-firmalar-markanizi-one-cikar\\\/\"},\"wordCount\":1228,\"publisher\":{\"@id\":\"https:\\\/\\\/www.indesignmimarlik.com\\\/#organization\"},\"keywords\":[\"fuar stand firmalar\u0131\",\"Fuar Stand Kiralama\",\"Fuar Stand Tasar\u0131m\u0131\",\"Fuar Stand Yapan Firmalar\",\"fuar stand\u0131\",\"Maxima Fuar Stand\u0131\",\"Stand Firmalar\u0131\",\"Yurtd\u0131\u015f\u0131 Fuar Stand Firmalar\u0131\"],\"articleSection\":[\"Genel\"],\"inLanguage\":\"en-US\"},{\"@type\":\"WebPage\",\"@id\":\"https:\\\/\\\/www.indesignmimarlik.com\\\/fuar-standi-yapan-firmalar-markanizi-one-cikar\\\/\",\"url\":\"https:\\\/\\\/www.indesignmimarlik.com\\\/fuar-standi-yapan-firmalar-markanizi-one-cikar\\\/\",\"name\":\"Fuar Stand\u0131 Yapan Firmalar | Markan\u0131z\u0131 \u00d6ne \u00c7\u0131kar\u0131n - [:tr]InDesign Mimarl\u0131k[:en]InDesign Architecture[:]\",\"isPartOf\":{\"@id\":\"https:\\\/\\\/www.indesignmimarlik.com\\\/#website\"},\"datePublished\":\"2026-04-17T06:05:53+00:00\",\"description\":\"Markan\u0131z\u0131n fuar alan\u0131nda \u00f6ne \u00e7\u0131kmas\u0131 i\u00e7in profesyonel fuar stand\u0131 yapan firmalar ile \u00e7al\u0131\u015f\u0131n. Tasar\u0131m, \u00fcretim ve kurulumda g\u00fcvenilir...\",\"breadcrumb\":{\"@id\":\"https:\\\/\\\/www.indesignmimarlik.com\\\/fuar-standi-yapan-firmalar-markanizi-one-cikar\\\/#breadcrumb\"},\"inLanguage\":\"en-US\",\"potentialAction\":[{\"@type\":\"ReadAction\",\"target\":[\"https:\\\/\\\/www.indesignmimarlik.com\\\/fuar-standi-yapan-firmalar-markanizi-one-cikar\\\/\"]}]},{\"@type\":\"BreadcrumbList\",\"@id\":\"https:\\\/\\\/www.indesignmimarlik.com\\\/fuar-standi-yapan-firmalar-markanizi-one-cikar\\\/#breadcrumb\",\"itemListElement\":[{\"@type\":\"ListItem\",\"position\":1,\"name\":\"Anasayfa\",\"item\":\"https:\\\/\\\/www.indesignmimarlik.com\\\/\"},{\"@type\":\"ListItem\",\"position\":2,\"name\":\"Fuar Stand\u0131 Yapan Firmalar | Markan\u0131z\u0131 \u00d6ne \u00c7\u0131kar\u0131n\"}]},{\"@type\":\"WebSite\",\"@id\":\"https:\\\/\\\/www.indesignmimarlik.com\\\/#website\",\"url\":\"https:\\\/\\\/www.indesignmimarlik.com\\\/\",\"name\":\"InDesign Mimarl\u0131k\",\"description\":\"Fuar Stand firmalar\u0131 | Fuar Stand fiyatlar\u0131 |  Fuar Stand\u0131 Yapan firmalar istanbul | Fuar Stand Tasar\u0131mlar\u0131 | Fuar Stand\u0131 kiralama | Mod\u00fcler Fuar stand\u0131 | Stand \u00fcretimi yapan firmalar\",\"publisher\":{\"@id\":\"https:\\\/\\\/www.indesignmimarlik.com\\\/#organization\"},\"potentialAction\":[{\"@type\":\"SearchAction\",\"target\":{\"@type\":\"EntryPoint\",\"urlTemplate\":\"https:\\\/\\\/www.indesignmimarlik.com\\\/?s={search_term_string}\"},\"query-input\":{\"@type\":\"PropertyValueSpecification\",\"valueRequired\":true,\"valueName\":\"search_term_string\"}}],\"inLanguage\":\"en-US\"},{\"@type\":\"Organization\",\"@id\":\"https:\\\/\\\/www.indesignmimarlik.com\\\/#organization\",\"name\":\"InDesign Mimarl\u0131k\",\"url\":\"https:\\\/\\\/www.indesignmimarlik.com\\\/\",\"logo\":{\"@type\":\"ImageObject\",\"inLanguage\":\"en-US\",\"@id\":\"https:\\\/\\\/www.indesignmimarlik.com\\\/#\\\/schema\\\/logo\\\/image\\\/\",\"url\":\"https:\\\/\\\/www.indesignmimarlik.com\\\/wp-content\\\/uploads\\\/2020\\\/06\\\/indesign-mimarlik-logo221120112-SON.png\",\"contentUrl\":\"https:\\\/\\\/www.indesignmimarlik.com\\\/wp-content\\\/uploads\\\/2020\\\/06\\\/indesign-mimarlik-logo221120112-SON.png\",\"width\":300,\"height\":91,\"caption\":\"InDesign Mimarl\u0131k\"},\"image\":{\"@id\":\"https:\\\/\\\/www.indesignmimarlik.com\\\/#\\\/schema\\\/logo\\\/image\\\/\"},\"sameAs\":[\"https:\\\/\\\/www.facebook.com\\\/INDESIGNMIMARLIK\\\/\"]},{\"@type\":\"Person\",\"@id\":\"https:\\\/\\\/www.indesignmimarlik.com\\\/#\\\/schema\\\/person\\\/51561a858ae73ac56b7545d8e81c0ab1\",\"name\":\"admin\",\"image\":{\"@type\":\"ImageObject\",\"inLanguage\":\"en-US\",\"@id\":\"https:\\\/\\\/secure.gravatar.com\\\/avatar\\\/edfc38b7686be42955dc183a47d17d1ed95653d8f39336c679260b941f8809b8?s=96&d=mm&r=g\",\"url\":\"https:\\\/\\\/secure.gravatar.com\\\/avatar\\\/edfc38b7686be42955dc183a47d17d1ed95653d8f39336c679260b941f8809b8?s=96&d=mm&r=g\",\"contentUrl\":\"https:\\\/\\\/secure.gravatar.com\\\/avatar\\\/edfc38b7686be42955dc183a47d17d1ed95653d8f39336c679260b941f8809b8?s=96&d=mm&r=g\",\"caption\":\"admin\"},\"url\":\"https:\\\/\\\/www.indesignmimarlik.com\\\/en\\\/author\\\/adapod\\\/\"}]}<\/script>\n<!-- \/ Yoast SEO plugin. -->","yoast_head_json":{"title":"Fuar Stand\u0131 Yapan Firmalar | Markan\u0131z\u0131 \u00d6ne \u00c7\u0131kar\u0131n - [:tr]InDesign Mimarl\u0131k[:en]InDesign Architecture[:]","description":"Markan\u0131z\u0131n fuar alan\u0131nda \u00f6ne \u00e7\u0131kmas\u0131 i\u00e7in profesyonel fuar stand\u0131 yapan firmalar ile \u00e7al\u0131\u015f\u0131n. Tasar\u0131m, \u00fcretim ve kurulumda g\u00fcvenilir...","robots":{"index":"index","follow":"follow","max-snippet":"max-snippet:-1","max-image-preview":"max-image-preview:large","max-video-preview":"max-video-preview:-1"},"canonical":"https:\/\/www.indesignmimarlik.com\/fuar-standi-yapan-firmalar-markanizi-one-cikar\/","og_locale":"en_US","og_type":"article","og_title":"Fuar Stand\u0131 Yapan Firmalar | Markan\u0131z\u0131 \u00d6ne \u00c7\u0131kar\u0131n - [:tr]InDesign Mimarl\u0131k[:en]InDesign Architecture[:]","og_description":"Markan\u0131z\u0131n fuar alan\u0131nda \u00f6ne \u00e7\u0131kmas\u0131 i\u00e7in profesyonel fuar stand\u0131 yapan firmalar ile \u00e7al\u0131\u015f\u0131n. Tasar\u0131m, \u00fcretim ve kurulumda g\u00fcvenilir...","og_url":"https:\/\/www.indesignmimarlik.com\/fuar-standi-yapan-firmalar-markanizi-one-cikar\/","og_site_name":"[:tr]InDesign Mimarl\u0131k[:en]InDesign Architecture[:]","article_publisher":"https:\/\/www.facebook.com\/INDESIGNMIMARLIK\/","article_published_time":"2026-04-17T06:05:53+00:00","og_image":[{"width":1280,"height":720,"url":"https:\/\/www.indesignmimarlik.com\/wp-content\/uploads\/2026\/04\/indesign-mimarlik-og-image.jpg","type":"image\/jpeg"}],"author":"admin","twitter_card":"summary_large_image","twitter_misc":{"Written by":"admin","Est. reading time":"7 minutes"},"schema":{"@context":"https:\/\/schema.org","@graph":[{"@type":"Article","@id":"https:\/\/www.indesignmimarlik.com\/fuar-standi-yapan-firmalar-markanizi-one-cikar\/#article","isPartOf":{"@id":"https:\/\/www.indesignmimarlik.com\/fuar-standi-yapan-firmalar-markanizi-one-cikar\/"},"author":{"name":"admin","@id":"https:\/\/www.indesignmimarlik.com\/#\/schema\/person\/51561a858ae73ac56b7545d8e81c0ab1"},"headline":"Fuar Stand\u0131 Yapan Firmalar | Markan\u0131z\u0131 \u00d6ne \u00c7\u0131kar\u0131n","datePublished":"2026-04-17T06:05:53+00:00","mainEntityOfPage":{"@id":"https:\/\/www.indesignmimarlik.com\/fuar-standi-yapan-firmalar-markanizi-one-cikar\/"},"wordCount":1228,"publisher":{"@id":"https:\/\/www.indesignmimarlik.com\/#organization"},"keywords":["fuar stand firmalar\u0131","Fuar Stand Kiralama","Fuar Stand Tasar\u0131m\u0131","Fuar Stand Yapan Firmalar","fuar stand\u0131","Maxima Fuar Stand\u0131","Stand Firmalar\u0131","Yurtd\u0131\u015f\u0131 Fuar Stand Firmalar\u0131"],"articleSection":["Genel"],"inLanguage":"en-US"},{"@type":"WebPage","@id":"https:\/\/www.indesignmimarlik.com\/fuar-standi-yapan-firmalar-markanizi-one-cikar\/","url":"https:\/\/www.indesignmimarlik.com\/fuar-standi-yapan-firmalar-markanizi-one-cikar\/","name":"Fuar Stand\u0131 Yapan Firmalar | Markan\u0131z\u0131 \u00d6ne \u00c7\u0131kar\u0131n - [:tr]InDesign Mimarl\u0131k[:en]InDesign Architecture[:]","isPartOf":{"@id":"https:\/\/www.indesignmimarlik.com\/#website"},"datePublished":"2026-04-17T06:05:53+00:00","description":"Markan\u0131z\u0131n fuar alan\u0131nda \u00f6ne \u00e7\u0131kmas\u0131 i\u00e7in profesyonel fuar stand\u0131 yapan firmalar ile \u00e7al\u0131\u015f\u0131n. Tasar\u0131m, \u00fcretim ve kurulumda g\u00fcvenilir...","breadcrumb":{"@id":"https:\/\/www.indesignmimarlik.com\/fuar-standi-yapan-firmalar-markanizi-one-cikar\/#breadcrumb"},"inLanguage":"en-US","potentialAction":[{"@type":"ReadAction","target":["https:\/\/www.indesignmimarlik.com\/fuar-standi-yapan-firmalar-markanizi-one-cikar\/"]}]},{"@type":"BreadcrumbList","@id":"https:\/\/www.indesignmimarlik.com\/fuar-standi-yapan-firmalar-markanizi-one-cikar\/#breadcrumb","itemListElement":[{"@type":"ListItem","position":1,"name":"Anasayfa","item":"https:\/\/www.indesignmimarlik.com\/"},{"@type":"ListItem","position":2,"name":"Fuar Stand\u0131 Yapan Firmalar | Markan\u0131z\u0131 \u00d6ne \u00c7\u0131kar\u0131n"}]},{"@type":"WebSite","@id":"https:\/\/www.indesignmimarlik.com\/#website","url":"https:\/\/www.indesignmimarlik.com\/","name":"InDesign Mimarl\u0131k","description":"Fuar Stand firmalar\u0131 | Fuar Stand fiyatlar\u0131 |  Fuar Stand\u0131 Yapan firmalar istanbul | Fuar Stand Tasar\u0131mlar\u0131 | Fuar Stand\u0131 kiralama | Mod\u00fcler Fuar stand\u0131 | Stand \u00fcretimi yapan firmalar","publisher":{"@id":"https:\/\/www.indesignmimarlik.com\/#organization"},"potentialAction":[{"@type":"SearchAction","target":{"@type":"EntryPoint","urlTemplate":"https:\/\/www.indesignmimarlik.com\/?s={search_term_string}"},"query-input":{"@type":"PropertyValueSpecification","valueRequired":true,"valueName":"search_term_string"}}],"inLanguage":"en-US"},{"@type":"Organization","@id":"https:\/\/www.indesignmimarlik.com\/#organization","name":"InDesign Mimarl\u0131k","url":"https:\/\/www.indesignmimarlik.com\/","logo":{"@type":"ImageObject","inLanguage":"en-US","@id":"https:\/\/www.indesignmimarlik.com\/#\/schema\/logo\/image\/","url":"https:\/\/www.indesignmimarlik.com\/wp-content\/uploads\/2020\/06\/indesign-mimarlik-logo221120112-SON.png","contentUrl":"https:\/\/www.indesignmimarlik.com\/wp-content\/uploads\/2020\/06\/indesign-mimarlik-logo221120112-SON.png","width":300,"height":91,"caption":"InDesign Mimarl\u0131k"},"image":{"@id":"https:\/\/www.indesignmimarlik.com\/#\/schema\/logo\/image\/"},"sameAs":["https:\/\/www.facebook.com\/INDESIGNMIMARLIK\/"]},{"@type":"Person","@id":"https:\/\/www.indesignmimarlik.com\/#\/schema\/person\/51561a858ae73ac56b7545d8e81c0ab1","name":"admin","image":{"@type":"ImageObject","inLanguage":"en-US","@id":"https:\/\/secure.gravatar.com\/avatar\/edfc38b7686be42955dc183a47d17d1ed95653d8f39336c679260b941f8809b8?s=96&d=mm&r=g","url":"https:\/\/secure.gravatar.com\/avatar\/edfc38b7686be42955dc183a47d17d1ed95653d8f39336c679260b941f8809b8?s=96&d=mm&r=g","contentUrl":"https:\/\/secure.gravatar.com\/avatar\/edfc38b7686be42955dc183a47d17d1ed95653d8f39336c679260b941f8809b8?s=96&d=mm&r=g","caption":"admin"},"url":"https:\/\/www.indesignmimarlik.com\/en\/author\/adapod\/"}]}},"_links":{"self":[{"href":"https:\/\/www.indesignmimarlik.com\/en\/wp-json\/wp\/v2\/posts\/5665","targetHints":{"allow":["GET"]}}],"collection":[{"href":"https:\/\/www.indesignmimarlik.com\/en\/wp-json\/wp\/v2\/posts"}],"about":[{"href":"https:\/\/www.indesignmimarlik.com\/en\/wp-json\/wp\/v2\/types\/post"}],"author":[{"embeddable":true,"href":"https:\/\/www.indesignmimarlik.com\/en\/wp-json\/wp\/v2\/users\/1"}],"replies":[{"embeddable":true,"href":"https:\/\/www.indesignmimarlik.com\/en\/wp-json\/wp\/v2\/comments?post=5665"}],"version-history":[{"count":1,"href":"https:\/\/www.indesignmimarlik.com\/en\/wp-json\/wp\/v2\/posts\/5665\/revisions"}],"predecessor-version":[{"id":5666,"href":"https:\/\/www.indesignmimarlik.com\/en\/wp-json\/wp\/v2\/posts\/5665\/revisions\/5666"}],"wp:attachment":[{"href":"https:\/\/www.indesignmimarlik.com\/en\/wp-json\/wp\/v2\/media?parent=5665"}],"wp:term":[{"taxonomy":"category","embeddable":true,"href":"https:\/\/www.indesignmimarlik.com\/en\/wp-json\/wp\/v2\/categories?post=5665"},{"taxonomy":"post_tag","embeddable":true,"href":"https:\/\/www.indesignmimarlik.com\/en\/wp-json\/wp\/v2\/tags?post=5665"}],"curies":[{"name":"wp","href":"https:\/\/api.w.org\/{rel}","templated":true}]}}